{"id":20053,"date":"2007-12-14T11:02:13","date_gmt":"2007-12-14T11:02:13","guid":{"rendered":"https:\/\/obscom.intervozes.org.br\/wordpress\/?p=20053"},"modified":"2007-12-14T11:02:13","modified_gmt":"2007-12-14T11:02:13","slug":"reino-unido-leiloara-frequencias-da-tv-analogica","status":"publish","type":"post","link":"https:\/\/obscom.intervozes.org.br\/?p=20053","title":{"rendered":"Reino Unido leiloar\u00e1 freq\u00fc\u00eancias da TV anal\u00f3gica"},"content":{"rendered":"<p><span>A Ofcom (&oacute;rg&atilde;o regulador das telecomunica&ccedil;&otilde;es no Reino Unido) esta finalizando os planos de aloca&ccedil;&atilde;o do espectro que ser&aacute; liberado na transi&ccedil;&atilde;o da TV anal&oacute;gica para a digital. <\/span>A ag&ecirc;ncia informou que adotar&aacute; uma abordagem de mercado para as faixas de espectro, cujo leil&atilde;o dever&aacute; acontecer em aproximadamente 18 meses. Como j&aacute; era previsto pelo mercado, o &oacute;rg&atilde;o regulador revelou que n&atilde;o intervir&aacute; na aloca&ccedil;&atilde;o das faixas, sem reservar espectro para uso de tecnologias espec&iacute;ficas.<\/p>\n<p>A migra&ccedil;&atilde;o digital no Reino Unido, que come&ccedil;ar&aacute; em 2009 e ser&aacute; finalizada em 2012, liberar&aacute; espectro na banda de 470 Mhz-862MHz. Em 2003 o governo reservou 256 MHz desta banda para seis multiplexadores digitais de TV terrestre, deixando 112 MHz para ser alocado como dividendo digital. Nos &uacute;ltimos anos houve debates entre v&aacute;rios grupos interessados sobre se o espectro liberado da TV anal&oacute;gica deveria ou n&atilde;o ser reservado a tecnologias e servi&ccedil;os espec&iacute;ficos, como banda larga m&oacute;vel, TV m&oacute;vel, TV digita terrestre entre os principais exemplos.<\/p>\n<p>Em documento divulgado ontem, a Ofcom destacou tanto a TV padr&atilde;o como a digital de alta defini&ccedil;&atilde;o, banda larga m&oacute;vel, TV m&oacute;vel e TV digital local como poss&iacute;veis usos futuros para o espectro. A ag&ecirc;ncia tamb&eacute;m afirmou que pesquisas de mercado apontaram forte interesse em todas as tecnologias e servi&ccedil;os citados acima, mas documentos recentes publicados pela mesma ag&ecirc;ncia mostraram pouca ou nenhuma demanda p&uacute;blica ou interesse em TV m&oacute;vel. <\/p>\n<p>Uma segunda vers&atilde;o do documento, a ser publicada em meados do ano que vem, dever&aacute; detalhar as propostas do formato e modelo das licen&ccedil;as para uso do espectro. <\/p>\n<p>*com notici&aacute;rio internacional<\/p>\n","protected":false},"excerpt":{"rendered":"<p>A Ofcom (&oacute;rg&atilde;o regulador das telecomunica&ccedil;&otilde;es no Reino Unido) esta finalizando os planos de aloca&ccedil;&atilde;o do espectro que ser&aacute; liberado na transi&ccedil;&atilde;o da TV anal&oacute;gica para a digital. A ag&ecirc;ncia informou que adotar&aacute; uma abordagem de mercado para as faixas de espectro, cujo leil&atilde;o dever&aacute; acontecer em aproximadamente 18 meses. Como j&aacute; era previsto pelo &hellip; <a href=\"https:\/\/obscom.intervozes.org.br\/?p=20053\" class=\"more-link\">Continue lendo <span class=\"screen-reader-text\">Reino Unido leiloar\u00e1 freq\u00fc\u00eancias da TV anal\u00f3gica<\/span> <span class=\"meta-nav\">&rarr;<\/span><\/a><\/p>\n","protected":false},"author":1,"featured_media":0,"comment_status":"open","ping_status":"open","sticky":false,"template":"","format":"standard","meta":{"footnotes":""},"categories":[40],"tags":[575],"_links":{"self":[{"href":"https:\/\/obscom.intervozes.org.br\/index.php?rest_route=\/wp\/v2\/posts\/20053"}],"collection":[{"href":"https:\/\/obscom.intervozes.org.br\/index.php?rest_route=\/wp\/v2\/posts"}],"about":[{"href":"https:\/\/obscom.intervozes.org.br\/index.php?rest_route=\/wp\/v2\/types\/post"}],"author":[{"embeddable":true,"href":"https:\/\/obscom.intervozes.org.br\/index.php?rest_route=\/wp\/v2\/users\/1"}],"replies":[{"embeddable":true,"href":"https:\/\/obscom.intervozes.org.br\/index.php?rest_route=%2Fwp%2Fv2%2Fcomments&post=20053"}],"version-history":[{"count":0,"href":"https:\/\/obscom.intervozes.org.br\/index.php?rest_route=\/wp\/v2\/posts\/20053\/revisions"}],"wp:attachment":[{"href":"https:\/\/obscom.intervozes.org.br\/index.php?rest_route=%2Fwp%2Fv2%2Fmedia&parent=20053"}],"wp:term":[{"taxonomy":"category","embeddable":true,"href":"https:\/\/obscom.intervozes.org.br\/index.php?rest_route=%2Fwp%2Fv2%2Fcategories&post=20053"},{"taxonomy":"post_tag","embeddable":true,"href":"https:\/\/obscom.intervozes.org.br\/index.php?rest_route=%2Fwp%2Fv2%2Ftags&post=20053"}],"curies":[{"name":"wp","href":"https:\/\/api.w.org\/{rel}","templated":true}]}}