{"id":20049,"date":"2007-12-13T16:01:29","date_gmt":"2007-12-13T16:01:29","guid":{"rendered":"https:\/\/obscom.intervozes.org.br\/wordpress\/?p=20049"},"modified":"2007-12-13T16:01:29","modified_gmt":"2007-12-13T16:01:29","slug":"ccs-e-conselho-consultivo-da-anatel-passam-2007-em-branco","status":"publish","type":"post","link":"https:\/\/obscom.intervozes.org.br\/?p=20049","title":{"rendered":"CCS e Conselho Consultivo da Anatel passam 2007 em branco"},"content":{"rendered":"<p><span>Em praticamente todas as &aacute;reas de governo, a sociedade brasileira, por meio de suas organiza&ccedil;&otilde;es e movimentos, participa de inst&acirc;ncias de controle social das pol&iacute;ticas p&uacute;blicas respectivas a cada setor. Apesar de in&uacute;meros problemas e contradi&ccedil;&otilde;es, conselhos, confer&ecirc;ncias e outros instrumentos articulam, em cada &aacute;rea, processos que buscam suprir as limita&ccedil;&otilde;es da democracia representativa formal. <\/p>\n<p>Na Comunica&ccedil;&atilde;o, tais processos n&atilde;o existem, sendo a regula&ccedil;&atilde;o e as pol&iacute;ticas do setor historicamente pautadas pela &oacute;tica dos interesses empresariais. E dois dos espa&ccedil;os que poderiam contribuir para uma altera&ccedil;&atilde;o deste quadro encontram-se hoje desativados.<\/p>\n<p><\/span><span>O primeiro deles &eacute; o Conselho Consultivo (CC) da Ag&ecirc;ncia Nacional de Telecomunica&ccedil;&otilde;es (Anatel), inst&acirc;ncia formada por representantes dos poderes p&uacute;blicos, do mercado e da sociedade, que n&atilde;o se re&uacute;ne desde fevereiro de 2007. O segundo &eacute; o Conselho de Comunica&ccedil;&atilde;o Social (CCS), &oacute;rg&atilde;o auxiliar do Congresso Nacional, que passou o ano de 2007 sem realizar uma reuni&atilde;o sequer, mesmo com crescente interesse pelo tema tanto na C&acirc;mara quanto no Senado Federal.<\/p>\n<p><\/span><span><strong>&Oacute;rg&atilde;o alien&iacute;gena?<\/p>\n<p><\/strong><\/span><span>Dentre as principais fun&ccedil;&otilde;es do Conselho Consultivo, segundo o portal da pr&oacute;pria Anatel, est&aacute; a de &quot;opinar, antes do encaminhamento ao Minist&eacute;rio das Comunica&ccedil;&otilde;es, sobre o Plano Geral de Outorgas, o Plano Geral de Metas de Universaliza&ccedil;&atilde;o de servi&ccedil;os prestados em regime p&uacute;blico e demais pol&iacute;ticas governamentais de telecomunica&ccedil;&otilde;es&quot;. <\/span><span>Criado em 1998, o CC, em tese, encontra-se no mesmo n&iacute;vel hier&aacute;rquico do Conselho Diretor e da Ouvidoria da ag&ecirc;ncia. A realidade, por&eacute;m, &eacute; bem distinta do que sugere o organograma oficial.<\/p>\n<p><\/span><span>Luiz Fernando Li&ntilde;ares, advogado, assessor especial da C&acirc;mara dos Deputados e representante desta no Conselho Consultivo, afirma que o &oacute;rg&atilde;o est&aacute; inativo por a&ccedil;&otilde;es deliberadas da dire&ccedil;&atilde;o da ag&ecirc;ncia. &quot;&Eacute; como se o Conselho Consultivo fosse um &oacute;rg&atilde;o alien&iacute;gena, como se seus membros n&atilde;o tivessem sido nomeados pelo Presidente da Rep&uacute;blica&quot;, considera. Li&ntilde;ares vai al&eacute;m e responsabiliza o Conselho Diretor pela inani&ccedil;&atilde;o da inst&acirc;ncia consultiva. &quot;Ao que parece, o projeto da dire&ccedil;&atilde;o da ag&ecirc;ncia, em m&eacute;dio ou longo prazo, &eacute; dissolver o Conselho Consultivo, que teve a sua autonomia seriamente ferida quando passou a produzir opini&otilde;es que contrariavam os interesses predominantes do mercado&quot;, diz.<\/p>\n<p><\/span><span>Empossado na fun&ccedil;&atilde;o de presidente do Conselho Consultivo em abril de 2006, com mandato de um ano, Li&ntilde;ares tamb&eacute;m enxerga na aus&ecirc;ncia de estrutura m&iacute;nima para seu funcionamento &ndash; recursos humanos e materiais &ndash; uma viola&ccedil;&atilde;o &agrave; autonomia do &oacute;rg&atilde;o. A isso se soma a insufici&ecirc;ncia de crit&eacute;rios t&eacute;cnicos e a falta de transpar&ecirc;ncia no processo de nomea&ccedil;&atilde;o dos seus integrantes, cuja decis&atilde;o &eacute; compet&ecirc;ncia &uacute;nica e exclusiva do Presidente da Rep&uacute;blica. <\/p>\n<p><\/span><span>A opini&atilde;o acerca da inger&ecirc;ncia do Conselho Diretor no trabalho do CC &eacute; corroborada pelos fatos. Ap&oacute;s a &uacute;ltima reuni&atilde;o do &oacute;rg&atilde;o, ent&atilde;o presidido por Li&ntilde;ares, em fevereiro passado, o Conselho Diretor negou a libera&ccedil;&atilde;o de verbas para a realiza&ccedil;&atilde;o de novas reuni&otilde;es. A justificativa, segundo Li&ntilde;ares, foi a falta de quorum m&iacute;nimo que legitimasse os encontros. Entretanto, o advogado diz que a falta de quorum impediria atos deliberativos por parte do conselho, mas n&atilde;o a realiza&ccedil;&atilde;o de reuni&otilde;es.<\/p>\n<p><\/span><span>A dificuldade de aproxima&ccedil;&atilde;o entre o CC e a Ouvidoria da ag&ecirc;ncia tamb&eacute;m &eacute; alvo de cobran&ccedil;a de Li&ntilde;ares. &quot;Funcion&aacute;rios da Ouvidoria participaram de todas as nossas reuni&otilde;es na minha gest&atilde;o enquanto presidente. No entanto, jamais tivemos retorno quanto &agrave;s proposi&ccedil;&otilde;es feitas, quanto ao posicionamento e quanto &agrave; sua acolhida ou n&atilde;o por parte da Ouvidoria&quot;, exp&otilde;e o representante da C&acirc;mara.<\/p>\n<p><\/span><span>Atualmente, passados quase tr&ecirc;s meses da nomea&ccedil;&atilde;o dos membros para as vagas que completam, na &oacute;tica da dire&ccedil;&atilde;o da ag&ecirc;ncia, o quorum m&iacute;nimo para reuni&otilde;es, o CC n&atilde;o se reuniu, embora Li&ntilde;ares tenha feito a solicita&ccedil;&atilde;o ao Conselho Diretor no mesmo dia em que foram nomeados Igor Vilas Boas de Freitas, para a vaga do Poder Executivo, e Amadeu de Paula Castro Neto, para a do Senado.<\/p>\n<p><\/span><span>A assessoria parlamentar e a assessoria de imprensa da Anatel foram procuradas reiteradas vezes pela reportagem, por telefone e email. At&eacute; o fechamento da mat&eacute;ria, por&eacute;m, ambas n&atilde;o responderam &agrave;s quest&otilde;es formuladas.<\/p>\n<p><\/span><span><strong>CCS: um ano sem se reunir<\/p>\n<p><\/strong><\/span><span>No &uacute;ltimo dia 11 de dezembro completou-se um ano da &uacute;ltima reuni&atilde;o do Conselho de Comunica&ccedil;&atilde;o Social, &oacute;rg&atilde;o auxiliar do Congresso Nacional para quest&otilde;es desta &aacute;rea. Enquanto isso, foram intensamente debatidas na C&acirc;mara e no Senado mat&eacute;rias que prop&otilde;em mudan&ccedil;as no campo da comunica&ccedil;&atilde;o: modifica&ccedil;&otilde;es no marco legal da TV paga, altera&ccedil;&otilde;es nos procedimentos de renova&ccedil;&atilde;o de concess&otilde;es de r&aacute;dio e televis&atilde;o, cria&ccedil;&atilde;o da TV p&uacute;blica, entre outros temas.<\/p>\n<p>Inscrito na Constitui&ccedil;&atilde;o de 1988 &ndash; de forma bastante limitada em rela&ccedil;&atilde;o aos anseios da sociedade civil naquele momento, &ndash; o CCS, cujos conselheiros t&ecirc;m mandatos de dois anos, foi criado em 1991 pelo ent&atilde;o presidente Fernando Collor. A sua instala&ccedil;&atilde;o, no entanto, ocorreu apenas onze anos depois, em 2002, no contexto da aprova&ccedil;&atilde;o da emenda constitucional que possibilitou a entrada de capital estrangeiro nas empresas de radiodifus&atilde;o e de imprensa.<\/p>\n<p><\/span><span>A segunda gest&atilde;o do &oacute;rg&atilde;o se encerrou em dezembro de 2006 e caberia &agrave; Mesa Diretora do Senado a nomea&ccedil;&atilde;o de seus novos integrantes, o que at&eacute; hoje n&atilde;o ocorreu. Na Secretaria-Geral da Mesa Diretora do Senado n&atilde;o h&aacute; qualquer informa&ccedil;&atilde;o sobre perspectivas para as nomea&ccedil;&otilde;es ou sobre as poss&iacute;veis justificativas para a omiss&atilde;o. Tampouco h&aacute; informa&ccedil;&otilde;es a respeito na Secretaria de Apoio a Conselhos e &Oacute;rg&atilde;os do Parlamento, inst&acirc;ncia &agrave; qual &eacute; vinculado o CCS.<\/p>\n<p><strong>Elefante branco<\/p>\n<p><\/strong>Para a deputada federal Luiza Erundina (PSB-SP), o CCS sofre com a sua natureza limitada. &quot;O conselho, da forma como est&aacute; hoje, n&atilde;o tem peso nenhum. N&atilde;o tem autonomia, n&atilde;o consegue exercer o controle social, &eacute; um grande elefante branco&quot;, critica a parlamentar.<\/p>\n<p><\/span><span>Berenice Mendes, integrante do F&oacute;rum Nacional pela Democratiza&ccedil;&atilde;o da Comunica&ccedil;&atilde;o (FNDC) e conselheira integrante das duas gest&otilde;es do &oacute;rg&atilde;o representando a categoria profissional dos artistas, critica duramente a situa&ccedil;&atilde;o. &quot;Chegar ao final do ano sem que os membros do seu conselho tenham sido nomeados nos deixa em estado de perplexidade. N&atilde;o h&aacute; qualquer justificativa para que o Senado deixe de cumprir a lei, principalmente num ano em que a comunica&ccedil;&atilde;o social est&aacute; em debate no Congresso&quot;, protesta.<\/p>\n<p><\/span><span>Berenice tamb&eacute;m aponta distor&ccedil;&otilde;es em rela&ccedil;&atilde;o ao CCS. &ldquo;Na segunda gest&atilde;o do conselho houve manipula&ccedil;&atilde;o por parte da representa&ccedil;&atilde;o patronal, tanto que houve usurpa&ccedil;&atilde;o das cadeiras da sociedade civil, com empres&aacute;rios ocupando estas vagas. Al&eacute;m disso, pessoalmente acredito que as entidades da sociedade civil nunca souberam reconhecer a import&acirc;ncia do CCS, nunca o utilizaram e o defenderam como deveriam ter feito&quot;, pondera a conselheira. A opini&atilde;o &eacute; partilhada pela deputada Luiza Erundina (PSB-SP). &quot;A sociedade ainda n&atilde;o se apropriou devidamente dessas conquistas, desses espa&ccedil;os de luta&quot;, lamenta a parlamentar. <\/p>\n<p><\/span><span>Para o professor Fernando Paulino, da Universidade de Bras&iacute;lia (UnB), a quest&atilde;o se insere num cen&aacute;rio hist&oacute;rico de escassa aten&ccedil;&atilde;o &agrave;s pol&iacute;ticas p&uacute;blicas de comunica&ccedil;&atilde;o. &quot;Deveriam ser criados mecanismos para que, efetivamente, os meios de comunica&ccedil;&atilde;o social cumprissem com as suas responsabilidades constitucionais. Mas o primeiro destes mecanismos hoje definha e passa por um processo de inani&ccedil;&atilde;o que o torna praticamente inexistente&quot;, avalia o pesquisador.<\/p>\n<p><\/span><span>A deputada Erundina afirma que pretende realizar audi&ecirc;ncia p&uacute;blica em 2008 para tratar do aperfei&ccedil;oamento do CCS, assunto sobre o qual j&aacute; h&aacute; projetos de lei em tramita&ccedil;&atilde;o no Congresso. Resta saber o que pensam os senadores, especialmente o novo presidente da casa, Garibaldi Alves (PMDB-RN), cuja fam&iacute;lia &eacute; propriet&aacute;ria do maior grupo de comunica&ccedil;&atilde;o do Rio Grande do Norte.<\/span><span>&nbsp;<\/span><\/p>\n","protected":false},"excerpt":{"rendered":"<p>Conselho Consultivo da Anatel n\u00e3o atua desde fevereiro, enquanto Conselho de Comunica\u00e7\u00e3o Social do Congresso n\u00e3o se reuniu uma \u00fanica vez em 2007, mesmo com as importantes discuss\u00f5es sobre o tema.<\/p>\n","protected":false},"author":1,"featured_media":0,"comment_status":"open","ping_status":"open","sticky":false,"template":"","format":"standard","meta":{"footnotes":""},"categories":[40],"tags":[195],"_links":{"self":[{"href":"https:\/\/obscom.intervozes.org.br\/index.php?rest_route=\/wp\/v2\/posts\/20049"}],"collection":[{"href":"https:\/\/obscom.intervozes.org.br\/index.php?rest_route=\/wp\/v2\/posts"}],"about":[{"href":"https:\/\/obscom.intervozes.org.br\/index.php?rest_route=\/wp\/v2\/types\/post"}],"author":[{"embeddable":true,"href":"https:\/\/obscom.intervozes.org.br\/index.php?rest_route=\/wp\/v2\/users\/1"}],"replies":[{"embeddable":true,"href":"https:\/\/obscom.intervozes.org.br\/index.php?rest_route=%2Fwp%2Fv2%2Fcomments&post=20049"}],"version-history":[{"count":0,"href":"https:\/\/obscom.intervozes.org.br\/index.php?rest_route=\/wp\/v2\/posts\/20049\/revisions"}],"wp:attachment":[{"href":"https:\/\/obscom.intervozes.org.br\/index.php?rest_route=%2Fwp%2Fv2%2Fmedia&parent=20049"}],"wp:term":[{"taxonomy":"category","embeddable":true,"href":"https:\/\/obscom.intervozes.org.br\/index.php?rest_route=%2Fwp%2Fv2%2Fcategories&post=20049"},{"taxonomy":"post_tag","embeddable":true,"href":"https:\/\/obscom.intervozes.org.br\/index.php?rest_route=%2Fwp%2Fv2%2Ftags&post=20049"}],"curies":[{"name":"wp","href":"https:\/\/api.w.org\/{rel}","templated":true}]}}