{"id":20047,"date":"2007-12-13T14:29:05","date_gmt":"2007-12-13T14:29:05","guid":{"rendered":"https:\/\/obscom.intervozes.org.br\/wordpress\/?p=20047"},"modified":"2007-12-13T14:29:05","modified_gmt":"2007-12-13T14:29:05","slug":"proprietario-de-jornal-e-condenado-a-um-ano-e-meio-de-prisao-por-injuria-e-difamacao","status":"publish","type":"post","link":"https:\/\/obscom.intervozes.org.br\/?p=20047","title":{"rendered":"Propriet\u00e1rio de jornal \u00e9 condenado a um ano e meio de pris\u00e3o por inj\u00faria e difama\u00e7\u00e3o"},"content":{"rendered":"<p>O propriet&aacute;rio do jornal Mat&eacute;ria Prima, de Taubat&eacute;, SP, Jos&eacute; Diniz Jr., foi condenado a um ano e um m&ecirc;s de pris&atilde;o em regime semi-aberto por inj&uacute;ria e difama&ccedil;&atilde;o. Diniz cumpre pena desde a semana passada. O advogado Ant&ocirc;nio Lu&iacute;s Ravani, tamb&eacute;m de Taubat&eacute;, foi quem moveu a a&ccedil;&atilde;o contra Diniz.&nbsp;Ravani acusa o Diniz difama&ccedil;&atilde;o em suas notas.&nbsp;Para o&nbsp;advogado, a pris&atilde;o foi mais do que justa. Ele quer que o jornal seja fechado.<\/p>\n<p>A esposa de Diniz, Selma Maria Ribeiro, afirmou que &quot;essa deten&ccedil;&atilde;o &eacute; muito injusta&quot;. Selma espera conseguir reverter a pena. A advogada de Diniz, Ana L&uacute;cia Martins, relatou que o mesmo j&aacute; foi condenado outras vezes e, por ser reincidente, n&atilde;o p&ocirc;de recorrer&nbsp;&agrave; deten&ccedil;&atilde;o por pena alternativa.<\/p>\n<p>Ana L&uacute;cia disse que vai recorrer, pois, segundo ela, &eacute; um absurdo manter preso no mesmo local um condenado por crime de imprensa com outros marginais.<\/p>\n<p>As informa&ccedil;&otilde;es s&atilde;o do Portal Imprensa.<\/p>\n","protected":false},"excerpt":{"rendered":"<p>O propriet&aacute;rio do jornal Mat&eacute;ria Prima, de Taubat&eacute;, SP, Jos&eacute; Diniz Jr., foi condenado a um ano e um m&ecirc;s de pris&atilde;o em regime semi-aberto por inj&uacute;ria e difama&ccedil;&atilde;o. Diniz cumpre pena desde a semana passada. O advogado Ant&ocirc;nio Lu&iacute;s Ravani, tamb&eacute;m de Taubat&eacute;, foi quem moveu a a&ccedil;&atilde;o contra Diniz.&nbsp;Ravani acusa o Diniz difama&ccedil;&atilde;o &hellip; <a href=\"https:\/\/obscom.intervozes.org.br\/?p=20047\" class=\"more-link\">Continue lendo <span class=\"screen-reader-text\">Propriet\u00e1rio de jornal \u00e9 condenado a um ano e meio de pris\u00e3o por inj\u00faria e difama\u00e7\u00e3o<\/span> <span class=\"meta-nav\">&rarr;<\/span><\/a><\/p>\n","protected":false},"author":1,"featured_media":0,"comment_status":"open","ping_status":"open","sticky":false,"template":"","format":"standard","meta":{"footnotes":""},"categories":[39],"tags":[],"_links":{"self":[{"href":"https:\/\/obscom.intervozes.org.br\/index.php?rest_route=\/wp\/v2\/posts\/20047"}],"collection":[{"href":"https:\/\/obscom.intervozes.org.br\/index.php?rest_route=\/wp\/v2\/posts"}],"about":[{"href":"https:\/\/obscom.intervozes.org.br\/index.php?rest_route=\/wp\/v2\/types\/post"}],"author":[{"embeddable":true,"href":"https:\/\/obscom.intervozes.org.br\/index.php?rest_route=\/wp\/v2\/users\/1"}],"replies":[{"embeddable":true,"href":"https:\/\/obscom.intervozes.org.br\/index.php?rest_route=%2Fwp%2Fv2%2Fcomments&post=20047"}],"version-history":[{"count":0,"href":"https:\/\/obscom.intervozes.org.br\/index.php?rest_route=\/wp\/v2\/posts\/20047\/revisions"}],"wp:attachment":[{"href":"https:\/\/obscom.intervozes.org.br\/index.php?rest_route=%2Fwp%2Fv2%2Fmedia&parent=20047"}],"wp:term":[{"taxonomy":"category","embeddable":true,"href":"https:\/\/obscom.intervozes.org.br\/index.php?rest_route=%2Fwp%2Fv2%2Fcategories&post=20047"},{"taxonomy":"post_tag","embeddable":true,"href":"https:\/\/obscom.intervozes.org.br\/index.php?rest_route=%2Fwp%2Fv2%2Ftags&post=20047"}],"curies":[{"name":"wp","href":"https:\/\/api.w.org\/{rel}","templated":true}]}}