{"id":20039,"date":"2007-12-12T16:14:46","date_gmt":"2007-12-12T16:14:46","guid":{"rendered":"https:\/\/obscom.intervozes.org.br\/wordpress\/?p=20039"},"modified":"2007-12-12T16:14:46","modified_gmt":"2007-12-12T16:14:46","slug":"ministerio-da-justica-reclassifica-novela-da-globo-para-apos-as-21h","status":"publish","type":"post","link":"https:\/\/obscom.intervozes.org.br\/?p=20039","title":{"rendered":"Minist\u00e9rio da Justi\u00e7a reclassifica novela da Globo para ap\u00f3s \u00e0s 21h"},"content":{"rendered":"<p>O Minist&eacute;rio da Justi&ccedil;a recusou a argumenta&ccedil;&atilde;o da Rede Globo e reclassificou a novela &ldquo;Duas Caras&rdquo; para as 21h. A decis&atilde;o foi motivada, sobretudo, pelas recorrentes cenas de apelo sexual da personagem Alzira, interpretada pela atriz Fl&aacute;via Alessandra e insinua&ccedil;&otilde;es de topless da personagem D&eacute;bora, interpretada pela atriz Juliana Knust. A novela hoje &eacute; classificada pela pr&oacute;pria emissora para as 20h &ndash; impr&oacute;pria para menores de 12 anos &ndash;, mas nas regi&otilde;es Norte e Nordeste, por conta do fuso hor&aacute;rio e por n&atilde;o haver hor&aacute;rio de ver&atilde;o, &ldquo;Duas Caras&rdquo; pode ser exibida at&eacute; &agrave;s 17h, no caso do Acre.<\/p>\n<p>A decis&atilde;o do MJ implica que a novela de Aguinaldo Silva deve ser classificada como impr&oacute;pria para menores de 14 anos. Em sua defesa, a Rede Globo expressou desd&eacute;m pela tentativa de reclassifica&ccedil;&atilde;o ao utilizar argumentos extravagantes como &ldquo;a novela vai ao encontro da moda internacional do &lsquo;pole dancing&rsquo;, uma dan&ccedil;a onde a mulher, de salto alto e roupa sensual, faz acrobacias em uma barra vertical&rdquo;. Jo&atilde;o Brant, coordenador do Intervozes, manifestou indigna&ccedil;&atilde;o com o texto. &quot;O argumento da Globo &eacute; pat&eacute;tico. Eles est&atilde;o tratando o Minist&eacute;rio da Justi&ccedil;a e a popula&ccedil;&atilde;o como idiotas&quot;, afirmou.<\/p>\n<p>O MJ j&aacute; recebeu 21 reclama&ccedil;&otilde;es por conta das cenas de Alzira, e outras 13 direcionadas pela C&acirc;mara dos Deputados. Para o Minist&eacute;rio, haveria subs&iacute;dios at&eacute; para reclassificar &ldquo;Duas Caras&rdquo; para as 22h, o que ainda pode acontecer, caso a Rede Globo decida manter a abordagem apelativa da novela. &ldquo;H&aacute; cenas que poderiam ser proibidas at&eacute; para menores de 16 anos, mas como o minist&eacute;rio avalia o conte&uacute;do geral da novela, decidiu classific&aacute;-la como proibida para menores de 14&rdquo;, afirmou a assessoria do minist&eacute;rio.<\/p>\n<p>A Globo tem agora cinco dias para acatar a decis&atilde;o do MJ. Caso n&atilde;o aceite, o Minist&eacute;rio P&uacute;blico assume o caso com o poder de processar a emissora. At&eacute; janeiro deve ser analisada a mudan&ccedil;a de hor&aacute;rio para as 22h.<\/p>\n<p>* Com informa&ccedil;&otilde;es de O Dia Online<\/p>\n","protected":false},"excerpt":{"rendered":"<p>O Minist&eacute;rio da Justi&ccedil;a recusou a argumenta&ccedil;&atilde;o da Rede Globo e reclassificou a novela &ldquo;Duas Caras&rdquo; para as 21h. A decis&atilde;o foi motivada, sobretudo, pelas recorrentes cenas de apelo sexual da personagem Alzira, interpretada pela atriz Fl&aacute;via Alessandra e insinua&ccedil;&otilde;es de topless da personagem D&eacute;bora, interpretada pela atriz Juliana Knust. A novela hoje &eacute; classificada &hellip; <a href=\"https:\/\/obscom.intervozes.org.br\/?p=20039\" class=\"more-link\">Continue lendo <span class=\"screen-reader-text\">Minist\u00e9rio da Justi\u00e7a reclassifica novela da Globo para ap\u00f3s \u00e0s 21h<\/span> <span class=\"meta-nav\">&rarr;<\/span><\/a><\/p>\n","protected":false},"author":1,"featured_media":0,"comment_status":"open","ping_status":"open","sticky":false,"template":"","format":"standard","meta":{"footnotes":""},"categories":[39],"tags":[],"_links":{"self":[{"href":"https:\/\/obscom.intervozes.org.br\/index.php?rest_route=\/wp\/v2\/posts\/20039"}],"collection":[{"href":"https:\/\/obscom.intervozes.org.br\/index.php?rest_route=\/wp\/v2\/posts"}],"about":[{"href":"https:\/\/obscom.intervozes.org.br\/index.php?rest_route=\/wp\/v2\/types\/post"}],"author":[{"embeddable":true,"href":"https:\/\/obscom.intervozes.org.br\/index.php?rest_route=\/wp\/v2\/users\/1"}],"replies":[{"embeddable":true,"href":"https:\/\/obscom.intervozes.org.br\/index.php?rest_route=%2Fwp%2Fv2%2Fcomments&post=20039"}],"version-history":[{"count":0,"href":"https:\/\/obscom.intervozes.org.br\/index.php?rest_route=\/wp\/v2\/posts\/20039\/revisions"}],"wp:attachment":[{"href":"https:\/\/obscom.intervozes.org.br\/index.php?rest_route=%2Fwp%2Fv2%2Fmedia&parent=20039"}],"wp:term":[{"taxonomy":"category","embeddable":true,"href":"https:\/\/obscom.intervozes.org.br\/index.php?rest_route=%2Fwp%2Fv2%2Fcategories&post=20039"},{"taxonomy":"post_tag","embeddable":true,"href":"https:\/\/obscom.intervozes.org.br\/index.php?rest_route=%2Fwp%2Fv2%2Ftags&post=20039"}],"curies":[{"name":"wp","href":"https:\/\/api.w.org\/{rel}","templated":true}]}}