{"id":20031,"date":"2007-12-12T11:59:24","date_gmt":"2007-12-12T11:59:24","guid":{"rendered":"https:\/\/obscom.intervozes.org.br\/wordpress\/?p=20031"},"modified":"2007-12-12T11:59:24","modified_gmt":"2007-12-12T11:59:24","slug":"polemicas-levam-votacao-do-pl-29-para-o-inicio-de-2008","status":"publish","type":"post","link":"https:\/\/obscom.intervozes.org.br\/?p=20031","title":{"rendered":"Pol\u00eamicas levam vota\u00e7\u00e3o do PL 29 para o in\u00edcio de 2008"},"content":{"rendered":"<p>Os deputados Julio Semeghini (PSDB\/SP), Jorge Bittar (PT\/RJ) e Walter Pinheiro (PT\/BA) descartaram nesta ter&ccedil;a, 11, qualquer possibilidade de que o PL 29\/2007, que cria novas regras para o setor de TV paga e para a produ&ccedil;&atilde;o e programa&ccedil;&atilde;o de conte&uacute;dos, seja votado ainda este ano na Comiss&atilde;o de Comunica&ccedil;&atilde;o da C&acirc;mara. Semeghini, presidente da comiss&atilde;o, disse que a inten&ccedil;&atilde;o &eacute; que no come&ccedil;o de fevereiro de 2008, com a volta do recesso parlamentar, o projeto seja apresentado j&aacute; com a incorpora&ccedil;&atilde;o (ou n&atilde;o) das emendas ao substitutivo de Bittar e votado nas primeiras sess&otilde;es. <\/p>\n<p>&quot;Vamos dar continuidade a esse debate em 2008, e aguardaremos tamb&eacute;m o in&iacute;cio das discuss&otilde;es sobre uma Lei de Comunica&ccedil;&atilde;o de Massa no pr&oacute;ximo ano&quot;, disse o deputado. Jorge Bittar ressaltou que o importante &eacute; que os parlamentares fa&ccedil;am as suas emendas e d&ecirc;em as suas contribui&ccedil;&otilde;es este ano. &quot;Infelizmente, o prazo de emendas termina muito em cima da &uacute;ltima sess&atilde;o do ano, ent&atilde;o a vota&ccedil;&atilde;o do substitutivo final fica mesmo para fevereiro&quot;. Bittar fez nesta ter&ccedil;a, 11, a apresenta&ccedil;&atilde;o p&uacute;blica de seu substitutivo aos deputados da comiss&atilde;o e tamb&eacute;m abriu a sess&atilde;o, que n&atilde;o era oficial, para coment&aacute;rios e questionamentos dos interessados que acompanhavam a audi&ecirc;ncia.<\/p>\n<p><strong>Nova comiss&atilde;o?<br \/><\/strong><br \/>Tamb&eacute;m nesta ter&ccedil;a, 11, durante debate sobre a qualidade dos servi&ccedil;os de TV paga na Comiss&atilde;o de Defesa do Consumidor, o presidente da sess&atilde;o, deputado Carlos Sampaio (PSDB\/SP) fez diversas pondera&ccedil;&otilde;es, todas cr&iacute;ticas, &agrave; id&eacute;ia de cotas de programa&ccedil;&atilde;o na TV por assinatura, tratadas no PL 29\/2007. Consultado por este notici&aacute;rio, o deputado diz que considera a possibilidade de fazer um requerimento chamando para a comiss&atilde;o do consumidor o PL 29\/2007. &Eacute; preciso ainda avaliar se regimentalmente isso pode ser feito, uma vez que j&aacute; existe uma delibera&ccedil;&atilde;o da mesa diretora da C&acirc;mara sobre a tramita&ccedil;&atilde;o do PL. De qualquer maneira, fica claro que os deputados da comiss&atilde;o de Sampaio est&atilde;o interessados em debater o tema. <\/p>\n","protected":false},"excerpt":{"rendered":"<p>Os deputados Julio Semeghini (PSDB\/SP), Jorge Bittar (PT\/RJ) e Walter Pinheiro (PT\/BA) descartaram nesta ter&ccedil;a, 11, qualquer possibilidade de que o PL 29\/2007, que cria novas regras para o setor de TV paga e para a produ&ccedil;&atilde;o e programa&ccedil;&atilde;o de conte&uacute;dos, seja votado ainda este ano na Comiss&atilde;o de Comunica&ccedil;&atilde;o da C&acirc;mara. Semeghini, presidente da &hellip; <a href=\"https:\/\/obscom.intervozes.org.br\/?p=20031\" class=\"more-link\">Continue lendo <span class=\"screen-reader-text\">Pol\u00eamicas levam vota\u00e7\u00e3o do PL 29 para o in\u00edcio de 2008<\/span> <span class=\"meta-nav\">&rarr;<\/span><\/a><\/p>\n","protected":false},"author":1,"featured_media":0,"comment_status":"open","ping_status":"open","sticky":false,"template":"","format":"standard","meta":{"footnotes":""},"categories":[40],"tags":[148],"_links":{"self":[{"href":"https:\/\/obscom.intervozes.org.br\/index.php?rest_route=\/wp\/v2\/posts\/20031"}],"collection":[{"href":"https:\/\/obscom.intervozes.org.br\/index.php?rest_route=\/wp\/v2\/posts"}],"about":[{"href":"https:\/\/obscom.intervozes.org.br\/index.php?rest_route=\/wp\/v2\/types\/post"}],"author":[{"embeddable":true,"href":"https:\/\/obscom.intervozes.org.br\/index.php?rest_route=\/wp\/v2\/users\/1"}],"replies":[{"embeddable":true,"href":"https:\/\/obscom.intervozes.org.br\/index.php?rest_route=%2Fwp%2Fv2%2Fcomments&post=20031"}],"version-history":[{"count":0,"href":"https:\/\/obscom.intervozes.org.br\/index.php?rest_route=\/wp\/v2\/posts\/20031\/revisions"}],"wp:attachment":[{"href":"https:\/\/obscom.intervozes.org.br\/index.php?rest_route=%2Fwp%2Fv2%2Fmedia&parent=20031"}],"wp:term":[{"taxonomy":"category","embeddable":true,"href":"https:\/\/obscom.intervozes.org.br\/index.php?rest_route=%2Fwp%2Fv2%2Fcategories&post=20031"},{"taxonomy":"post_tag","embeddable":true,"href":"https:\/\/obscom.intervozes.org.br\/index.php?rest_route=%2Fwp%2Fv2%2Ftags&post=20031"}],"curies":[{"name":"wp","href":"https:\/\/api.w.org\/{rel}","templated":true}]}}