{"id":20028,"date":"2007-12-12T11:25:15","date_gmt":"2007-12-12T11:25:15","guid":{"rendered":"https:\/\/obscom.intervozes.org.br\/wordpress\/?p=20028"},"modified":"2007-12-12T11:25:15","modified_gmt":"2007-12-12T11:25:15","slug":"multiprogramacao-e-interatividade-devem-ser-utilizadas-para-comercio-eletronico","status":"publish","type":"post","link":"https:\/\/obscom.intervozes.org.br\/?p=20028","title":{"rendered":"Multiprograma\u00e7\u00e3o e interatividade devem ser utilizadas para com\u00e9rcio eletr\u00f4nico"},"content":{"rendered":"<p><span>No dia 2 de dezembro, estreou na Grande S&atilde;o Paulo a TV digital, em solenidade com pompa e circunst&acirc;ncia. A festa, organizada pelas TVs Globo, Record, SBT, Bandeirantes e Rede TV! &ndash; a TV Cultura apareceu como convidada &ndash; n&atilde;o contou com a presen&ccedil;a da TV Gazeta de S&atilde;o Paulo, que tamb&eacute;m j&aacute; transmite digitalmente. At&eacute; uma carta de protesto foi enviada pela emissora ao presidente Lula. <\/p>\n<p>H&aacute; algum tempo, a Gazeta faz planos para a TV digital e deve investir cerca de US$ 20 milh&otilde;es em sua implanta&ccedil;&atilde;o. <\/span><span>&ldquo;A inaugura&ccedil;&atilde;o do transmissor digital ocorreu no dia 21 de novembro. Desde ent&atilde;o, a emissora transmite em car&aacute;ter experimental. Nosso transmissor &eacute; totalmente nacional e &eacute; o maior j&aacute; produzido no Brasil&rdquo;, conta Silvio Alimari, superintendente da TV Gazeta.<\/p>\n<p><\/span><span>Diferentemente da maioria das emissoras, o foco da TV Gazeta de S&atilde;o Paulo n&atilde;o ser&aacute; a transmiss&atilde;o em alta defini&ccedil;&atilde;o. A emissora aguarda apenas a autoriza&ccedil;&atilde;o do governo para explorar a multiprograma&ccedil;&atilde;o (transmiss&atilde;o de mais de uma programa&ccedil;&atilde;o no mesmo canal de 6 MHz) e j&aacute; criou, inclusive, uma nova unidade de neg&oacute;cios, a Link Interativa, para estudar as possibilidades de explora&ccedil;&atilde;o de recursos interativos. Al&eacute;m da Gazeta de SP, apenas a TV Cultura revela interesse em aproveitar a digitaliza&ccedil;&atilde;o para exibir programa&ccedil;&otilde;es diferentes simultaneamente. <\/p>\n<p><\/span><span><strong>Multiprograma&ccedil;&atilde;o com tele-vendas<\/p>\n<p><\/strong><\/span><span>A op&ccedil;&atilde;o pela multiprograma&ccedil;&atilde;o, no entanto, n&atilde;o &eacute; necessariamente melhor. No caso da TV Gazeta, o recurso j&aacute; tem sua fun&ccedil;&atilde;o definida. Segundo o jornalista Daniel Castro, da Folha de S. Paulo, a TV Gazeta pretende usar a multiprograma&ccedil;&atilde;o para criar um canal de vendas, ampliando para a TV digital o que j&aacute; faz na anal&oacute;gica. O canal veicula atualmente programas de com&eacute;rcio eletr&ocirc;nico como o &ldquo;Super Ofertas&rdquo;, &ldquo;Feiras &amp; Neg&oacute;cios&rdquo; e especialmente o &ldquo;Best Shop TV&rdquo;, que ocupa parte substancial da programa&ccedil;&atilde;o. A op&ccedil;&atilde;o da emissora &eacute; explicitada em seu site: &ldquo;a produ&ccedil;&atilde;o da Rede Gazeta conta com uma experiente equipe de apresentadores que com muita simpatia e efici&ecirc;ncia oferece diariamente ao telespectador uma ampla variedade de produtos a pre&ccedil;os extremamente competitivos&rdquo;. <\/p>\n<p><\/span><span>Outras emissoras de TV aberta que tem seu modelo de neg&oacute;cios baseado no com&eacute;rcio eletr&ocirc;nico est&atilde;o sendo questionadas por meio de uma A&ccedil;&atilde;o Civil P&uacute;blica, por exceder o limite m&aacute;ximo de 25% do total da programa&ccedil;&atilde;o para publicidade comercial estabelecido no C&oacute;digo Brasileiro de Telecomunica&ccedil;&otilde;es. &ldquo;A TV digital aberta ter&aacute; que respeitar toda a regulamenta&ccedil;&atilde;o j&aacute; existente para a TV aberta anal&oacute;gica&rdquo; explica o advogado Br&aacute;ulio Ara&uacute;jo. &ldquo;Assim como ter&atilde;o que respeitar o artigo 221 da Constitui&ccedil;&atilde;o, que estabelece que a programa&ccedil;&atilde;o das emissoras de r&aacute;dio e televis&atilde;o dever&aacute; atender finalidades educativas, culturais, art&iacute;sticas e informativas, privilegiar produ&ccedil;&otilde;es regionais, entre outros princ&iacute;pios&rdquo;.<\/p>\n<p><\/span><span>De acordo com o site do Best Shop TV, a empresa foi criada no final de 2006, &ldquo;com total apoio da Funda&ccedil;&atilde;o C&aacute;sper L&iacute;bero&rdquo;, entidade mantenedora da TV Gazeta e &ldquo;cumpre objetivos patri&oacute;ticos, culturais e jornal&iacute;sticos&rdquo; e n&atilde;o tem &ldquo;qualquer finalidade lucrativa&rdquo;.&nbsp; O programa de televendas &eacute; exibido por duas horas na parte da manh&atilde; e durante toda a madrugada. A Gazeta ainda transmite uma hora di&aacute;ria do &ldquo;Super Ofertas&rdquo; e meia hora de &ldquo;Feiras &amp; Neg&oacute;cios&rdquo;. <\/p>\n<p><\/span><span>Silvio Alimari n&atilde;o confirma a inten&ccedil;&atilde;o de utilizar o canal digital apenas para com&eacute;rcio eletr&ocirc;nico, mas&nbsp;declara que &ldquo;se houver respaldo legal, a Gazeta tem interesse, sim, em disponibilizar um canal adicional com conte&uacute;do produzido pelos alunos e professores da Faculdade C&aacute;sper L&iacute;bero [tamb&eacute;m mantida pela Funda&ccedil;&atilde;o]. E pensamos em utilizar o BestShop TV como patrocinador dos programas&rdquo;, revela o superintendente da TV Gazeta.<\/p>\n<p><\/span><span>Entretanto, a possibilidade de aloca&ccedil;&atilde;o de mais de uma programa&ccedil;&atilde;o no mesmo canal n&atilde;o &eacute; ponto pac&iacute;fico e ainda est&aacute; sob an&aacute;lise do Supremo Tribunal Federal. O pr&oacute;prio governo n&atilde;o se entende sobre o assunto: enquanto o secret&aacute;rio de Telecomunica&ccedil;&otilde;es do Minist&eacute;rio das Comunica&ccedil;&otilde;es, Roberto Pinto Martins, afirma que a multiprograma&ccedil;&atilde;o j&aacute; &eacute; permitida com a legisla&ccedil;&atilde;o em vigor, o pr&oacute;prio ministro H&eacute;lio Costa, que anteriormente afirmou ser a multiprograma&ccedil;&atilde;o juridicamente legal, hoje n&atilde;o demonstra tanta confian&ccedil;a na possibilidade do fracionamento do canal de 6 MHz em diversas programa&ccedil;&otilde;es. <\/p>\n<p><\/span><span>Segundo Jos&eacute; Antonio Milagre, advogado e presidente da Comiss&atilde;o de Propriedade Intelectual e Seguran&ccedil;a da Informa&ccedil;&atilde;o da OAB, o decreto presidencial que estabeleceu a TV digital &eacute; omisso quanto &agrave; quest&atilde;o da multiprograma&ccedil;&atilde;o. &ldquo;Se o padr&atilde;o permite a multiprograma&ccedil;&atilde;o, fraciona o espectro quem quiser&rdquo;, diz. Outros especialistas, no entanto, interpretam de outra forma: que uma concess&atilde;o equivale &agrave; uma programa&ccedil;&atilde;o, e que o sinal digital, por ser uma consigna&ccedil;&atilde;o da concess&atilde;o anal&oacute;gica,&nbsp;deve ser exatamente a reprodu&ccedil;&atilde;o do conte&uacute;do do que &eacute; transmitido no sistema atual, anal&oacute;gico.<\/p>\n<p><\/span><strong><span>Interatividade<\/span><span> e potencialidades n&atilde;o exploradas<\/p>\n<p><\/span><\/strong><span>Outro recurso possibilitado pela TV digital &eacute; a interatividade. Apesar de ainda n&atilde;o estar num horizonte pr&oacute;ximo,&nbsp;a Gazeta j&aacute; tem planos para quando o recurso estiver dispon&iacute;vel, inclusive para o com&eacute;rcio eletr&ocirc;nico. &ldquo;Pensamos j&aacute; em recursos como a participa&ccedil;&atilde;o dos telespectadores em vota&ccedil;&otilde;es e enquetes, a disponibiliza&ccedil;&atilde;o de informa&ccedil;&otilde;es sobre o conte&uacute;do dos programas e servi&ccedil;os de com&eacute;rcio eletr&ocirc;nico nos programas de televendas&rdquo;, conta Alimari. <\/p>\n<p><\/span><span>Considerando toda a infinidade de recursos prometidos pelo governo para o Sistema Brasileiro de TV Digital, pouco de fato se concretizar&aacute; ou ser&aacute; utilizado para fins n&atilde;o comerciais. No in&iacute;cio da discuss&atilde;o sobre a sua implanta&ccedil;&atilde;o, a digitaliza&ccedil;&atilde;o trazia a expectativa de amplia&ccedil;&atilde;o da quantidade de emissoras, democratizando o espectro e garantindo a diversidade. Pelos pr&oacute;ximos dez anos, por&eacute;m, o atual modelo de ocupa&ccedil;&atilde;o do espectro anal&oacute;gico estar&aacute; preservado. Para a maioria da popula&ccedil;&atilde;o, a televis&atilde;o continuar&aacute; a mesma por muito tempo, tanto na forma quanto no conte&uacute;do. E os supermercados eletr&ocirc;nicos, tudo indica, continuar&atilde;o a fazer parte dela, agora em vers&atilde;o digital. <\/span><\/p>\n","protected":false},"excerpt":{"rendered":"<p>\u00danica geradora de televis\u00e3o comercial de S\u00e3o Paulo a declarar inten\u00e7\u00e3o de fracionar o canal de 6 MHz, TV Gazeta pode ter segunda programa\u00e7\u00e3o e recursos interativos baseados no com\u00e9rcio eletr\u00f4nico.<\/p>\n","protected":false},"author":1,"featured_media":0,"comment_status":"open","ping_status":"open","sticky":false,"template":"","format":"standard","meta":{"footnotes":""},"categories":[40],"tags":[79],"_links":{"self":[{"href":"https:\/\/obscom.intervozes.org.br\/index.php?rest_route=\/wp\/v2\/posts\/20028"}],"collection":[{"href":"https:\/\/obscom.intervozes.org.br\/index.php?rest_route=\/wp\/v2\/posts"}],"about":[{"href":"https:\/\/obscom.intervozes.org.br\/index.php?rest_route=\/wp\/v2\/types\/post"}],"author":[{"embeddable":true,"href":"https:\/\/obscom.intervozes.org.br\/index.php?rest_route=\/wp\/v2\/users\/1"}],"replies":[{"embeddable":true,"href":"https:\/\/obscom.intervozes.org.br\/index.php?rest_route=%2Fwp%2Fv2%2Fcomments&post=20028"}],"version-history":[{"count":0,"href":"https:\/\/obscom.intervozes.org.br\/index.php?rest_route=\/wp\/v2\/posts\/20028\/revisions"}],"wp:attachment":[{"href":"https:\/\/obscom.intervozes.org.br\/index.php?rest_route=%2Fwp%2Fv2%2Fmedia&parent=20028"}],"wp:term":[{"taxonomy":"category","embeddable":true,"href":"https:\/\/obscom.intervozes.org.br\/index.php?rest_route=%2Fwp%2Fv2%2Fcategories&post=20028"},{"taxonomy":"post_tag","embeddable":true,"href":"https:\/\/obscom.intervozes.org.br\/index.php?rest_route=%2Fwp%2Fv2%2Ftags&post=20028"}],"curies":[{"name":"wp","href":"https:\/\/api.w.org\/{rel}","templated":true}]}}