{"id":20026,"date":"2007-12-11T14:31:45","date_gmt":"2007-12-11T14:31:45","guid":{"rendered":"https:\/\/obscom.intervozes.org.br\/wordpress\/?p=20026"},"modified":"2007-12-11T14:31:45","modified_gmt":"2007-12-11T14:31:45","slug":"anatel-cria-regulamento-para-apurar-satisfacao-dos-usuarios","status":"publish","type":"post","link":"https:\/\/obscom.intervozes.org.br\/?p=20026","title":{"rendered":"Anatel cria regulamento para apurar satisfa\u00e7\u00e3o dos usu\u00e1rios"},"content":{"rendered":"<p>A Ag&ecirc;ncia Nacional de Telecomunica&ccedil;&otilde;es (Anatel) vai realizar, a partir do in&iacute;cio de 2008, uma pesquisa para apurar as percep&ccedil;&otilde;es dos usu&aacute;rios sobre os servi&ccedil;os de telefonia. <\/p>\n<p>Segundo o presidente do &oacute;rg&atilde;o, Ronaldo Sardenberg, hoje a ag&ecirc;ncia j&aacute; mant&eacute;m um question&aacute;rio semelhante, mas sem nenhum regulamento capaz de padronizar os dados. O objetivo da pesquisa &ndash; que dever&aacute; ser feita pela internet &ndash; &eacute; coletar informa&ccedil;&otilde;es e melhorar o n&iacute;vel de conhecimento sobre as impress&otilde;es dos usu&aacute;rios, al&eacute;m de dialogar com as operadoras para tentar dar solu&ccedil;&atilde;o aos pontos negativos. <\/p>\n<p>&#39;Antes a Anatel tinha um car&aacute;ter puramente t&eacute;cnico. Agora, vamos atuar tamb&eacute;m do lado consultivo&#39;, disse durante o F&oacute;rum Telequest, em S&atilde;o Paulo. Os resultados do levantamento, que passar&aacute; a ser rotineiro, dever&atilde;o sair at&eacute; o fim do primeiro semestre do ano que vem. <\/p>\n<p>Outra prioridade para a Anatel no in&iacute;cio de 2008 ser&aacute; fomentar a cria&ccedil;&atilde;o do conselho de usu&aacute;rios dentro de cada operadora, que dever&aacute; atuar como um &oacute;rg&atilde;o interlocutor entre os clientes e os servi&ccedil;os das operadoras. &#39;Trata-se de uma obriga&ccedil;&atilde;o legal das operadoras para que haja homogeneidade em termos de regulamenta&ccedil;&atilde;o, al&eacute;m de ser um canal direto com os usu&aacute;rios&#39;, apontou. <\/p>\n<p>O Brasil deve encerrar o ano de 2007 com 158 milh&otilde;es de linhas de telefonia. Desse total, 118,5 milh&otilde;es s&atilde;o referentes aos telefones celulares. Segundo dados do F&oacute;rum Telequest, Anatel e Teleco, at&eacute; 2010 os celulares em servi&ccedil;o ser&atilde;o 157 milh&otilde;es, e em 2015, 231 milh&otilde;es. <\/p>\n","protected":false},"excerpt":{"rendered":"<p>A Ag&ecirc;ncia Nacional de Telecomunica&ccedil;&otilde;es (Anatel) vai realizar, a partir do in&iacute;cio de 2008, uma pesquisa para apurar as percep&ccedil;&otilde;es dos usu&aacute;rios sobre os servi&ccedil;os de telefonia. Segundo o presidente do &oacute;rg&atilde;o, Ronaldo Sardenberg, hoje a ag&ecirc;ncia j&aacute; mant&eacute;m um question&aacute;rio semelhante, mas sem nenhum regulamento capaz de padronizar os dados. O objetivo da pesquisa &hellip; <a href=\"https:\/\/obscom.intervozes.org.br\/?p=20026\" class=\"more-link\">Continue lendo <span class=\"screen-reader-text\">Anatel cria regulamento para apurar satisfa\u00e7\u00e3o dos usu\u00e1rios<\/span> <span class=\"meta-nav\">&rarr;<\/span><\/a><\/p>\n","protected":false},"author":1,"featured_media":0,"comment_status":"open","ping_status":"open","sticky":false,"template":"","format":"standard","meta":{"footnotes":""},"categories":[40],"tags":[134],"_links":{"self":[{"href":"https:\/\/obscom.intervozes.org.br\/index.php?rest_route=\/wp\/v2\/posts\/20026"}],"collection":[{"href":"https:\/\/obscom.intervozes.org.br\/index.php?rest_route=\/wp\/v2\/posts"}],"about":[{"href":"https:\/\/obscom.intervozes.org.br\/index.php?rest_route=\/wp\/v2\/types\/post"}],"author":[{"embeddable":true,"href":"https:\/\/obscom.intervozes.org.br\/index.php?rest_route=\/wp\/v2\/users\/1"}],"replies":[{"embeddable":true,"href":"https:\/\/obscom.intervozes.org.br\/index.php?rest_route=%2Fwp%2Fv2%2Fcomments&post=20026"}],"version-history":[{"count":0,"href":"https:\/\/obscom.intervozes.org.br\/index.php?rest_route=\/wp\/v2\/posts\/20026\/revisions"}],"wp:attachment":[{"href":"https:\/\/obscom.intervozes.org.br\/index.php?rest_route=%2Fwp%2Fv2%2Fmedia&parent=20026"}],"wp:term":[{"taxonomy":"category","embeddable":true,"href":"https:\/\/obscom.intervozes.org.br\/index.php?rest_route=%2Fwp%2Fv2%2Fcategories&post=20026"},{"taxonomy":"post_tag","embeddable":true,"href":"https:\/\/obscom.intervozes.org.br\/index.php?rest_route=%2Fwp%2Fv2%2Ftags&post=20026"}],"curies":[{"name":"wp","href":"https:\/\/api.w.org\/{rel}","templated":true}]}}