{"id":20025,"date":"2007-12-11T12:04:04","date_gmt":"2007-12-11T12:04:04","guid":{"rendered":"https:\/\/obscom.intervozes.org.br\/wordpress\/?p=20025"},"modified":"2007-12-11T12:04:04","modified_gmt":"2007-12-11T12:04:04","slug":"empresa-brasil-de-comunivacao-deve-iniciar-2008-com-r-18128-milhoes-em-caixa","status":"publish","type":"post","link":"https:\/\/obscom.intervozes.org.br\/?p=20025","title":{"rendered":"Empresa Brasil de Comuniva\u00e7\u00e3o deve iniciar 2008 com R$ 18,128 milh\u00f5es em caixa"},"content":{"rendered":"<p class=\"titnews\">A&nbsp;Empresa Brasil de Comunica&ccedil;&atilde;o (EBC) acaba de entrar no rol das estatais. Foi publicado no Di&aacute;rio Oficial da Uni&atilde;o desta segunda-feira, 10, o Programa de Disp&ecirc;ndios Globais (PDG) da nova empresa, oficializando sua inclus&atilde;o como uma estatal nas contas p&uacute;blicas. A planilha, aprovada pela Presid&ecirc;ncia da Rep&uacute;blica e pelo Minist&eacute;rio do Planejamento, exige que a EBC registre super&aacute;vit prim&aacute;rio de R$ 18.128.387,00, como resultado do exerc&iacute;cio de 2007.<\/p>\n<p>A tabela traz ainda as despesas da nova estatal ao longo dos seus dois meses de exist&ecirc;ncia, j&aacute; que a Medida Provis&oacute;ria que a criou foi editada em 10 de outubro. Com pessoal e encargos sociais, o gasto da EBC &eacute; da ordem de R$ 1,256 milh&atilde;o e, com materiais e produtos, de R$ 40 mil. Com servi&ccedil;os terceirizados, a despesa &eacute; de R$ 1,023 milh&atilde;o, totalizando as despesas de 2007 em R$ 2,319 milh&otilde;es. <\/p>\n<p>Como o Planejamento considera que a EBC pode ter um ganho de R$ 447,373 mil com a varia&ccedil;&atilde;o do seu capital de giro, espera-se que sobrem no caixa da estatal para o pr&oacute;ximo ano os R$ 18,128 milh&otilde;es autorizados no decreto. Vale lembrar que este valor &eacute; baseado no aporte de R$ 20 milh&otilde;es para a constitui&ccedil;&atilde;o do patrim&ocirc;nio l&iacute;quido da EBC, vindos do Tesouro Nacional conforme previsto na Medida Provis&oacute;ria que criou a empresa.<\/p>\n<p>As informa&ccedil;&otilde;es s&atilde;o da Tela Viva News.<\/p>\n","protected":false},"excerpt":{"rendered":"<p>A&nbsp;Empresa Brasil de Comunica&ccedil;&atilde;o (EBC) acaba de entrar no rol das estatais. Foi publicado no Di&aacute;rio Oficial da Uni&atilde;o desta segunda-feira, 10, o Programa de Disp&ecirc;ndios Globais (PDG) da nova empresa, oficializando sua inclus&atilde;o como uma estatal nas contas p&uacute;blicas. A planilha, aprovada pela Presid&ecirc;ncia da Rep&uacute;blica e pelo Minist&eacute;rio do Planejamento, exige que a &hellip; <a href=\"https:\/\/obscom.intervozes.org.br\/?p=20025\" class=\"more-link\">Continue lendo <span class=\"screen-reader-text\">Empresa Brasil de Comuniva\u00e7\u00e3o deve iniciar 2008 com R$ 18,128 milh\u00f5es em caixa<\/span> <span class=\"meta-nav\">&rarr;<\/span><\/a><\/p>\n","protected":false},"author":1,"featured_media":0,"comment_status":"open","ping_status":"open","sticky":false,"template":"","format":"standard","meta":{"footnotes":""},"categories":[39],"tags":[],"_links":{"self":[{"href":"https:\/\/obscom.intervozes.org.br\/index.php?rest_route=\/wp\/v2\/posts\/20025"}],"collection":[{"href":"https:\/\/obscom.intervozes.org.br\/index.php?rest_route=\/wp\/v2\/posts"}],"about":[{"href":"https:\/\/obscom.intervozes.org.br\/index.php?rest_route=\/wp\/v2\/types\/post"}],"author":[{"embeddable":true,"href":"https:\/\/obscom.intervozes.org.br\/index.php?rest_route=\/wp\/v2\/users\/1"}],"replies":[{"embeddable":true,"href":"https:\/\/obscom.intervozes.org.br\/index.php?rest_route=%2Fwp%2Fv2%2Fcomments&post=20025"}],"version-history":[{"count":0,"href":"https:\/\/obscom.intervozes.org.br\/index.php?rest_route=\/wp\/v2\/posts\/20025\/revisions"}],"wp:attachment":[{"href":"https:\/\/obscom.intervozes.org.br\/index.php?rest_route=%2Fwp%2Fv2%2Fmedia&parent=20025"}],"wp:term":[{"taxonomy":"category","embeddable":true,"href":"https:\/\/obscom.intervozes.org.br\/index.php?rest_route=%2Fwp%2Fv2%2Fcategories&post=20025"},{"taxonomy":"post_tag","embeddable":true,"href":"https:\/\/obscom.intervozes.org.br\/index.php?rest_route=%2Fwp%2Fv2%2Ftags&post=20025"}],"curies":[{"name":"wp","href":"https:\/\/api.w.org\/{rel}","templated":true}]}}