{"id":20022,"date":"2007-12-11T11:06:16","date_gmt":"2007-12-11T11:06:16","guid":{"rendered":"https:\/\/obscom.intervozes.org.br\/wordpress\/?p=20022"},"modified":"2007-12-11T11:06:16","modified_gmt":"2007-12-11T11:06:16","slug":"anatel-quer-leilao-de-wimax-ate-marco-de-2008","status":"publish","type":"post","link":"https:\/\/obscom.intervozes.org.br\/?p=20022","title":{"rendered":"Anatel quer leil\u00e3o de WiMAX at\u00e9 mar\u00e7o de 2008"},"content":{"rendered":"<p>A Anatel (Ag&ecirc;ncia Nacional de Telecomunica&ccedil;&otilde;es), que dever&aacute; ter or&ccedil;amento recorde de R$ 411 milh&otilde;es em 2008, quer realizar at&eacute; mar&ccedil;o do pr&oacute;ximo ano o leil&atilde;o de WiMAX, para oferta de servi&ccedil;os de banda larga sem fio. O leil&atilde;o est&aacute; paralisado desde setembro de 2006 devido &agrave; decis&atilde;o do Tribunal de Contas da Uni&atilde;o (TCU), e a recursos das concession&aacute;rias de telefonia, impedidas pelo edital de participar do certame. Segundo o presidente da ag&ecirc;ncia, embaixador Ronaldo Sardenberg, o leil&atilde;o &ldquo;&eacute; uma das prioridades que ser&atilde;o discutidas junto ao conselho da Anatel na pr&oacute;xima semana&rdquo;, mas se esquivou de comentar a possibilidade de participa&ccedil;&atilde;o das concession&aacute;rias. Ele avalia que os impedimentos relativos ao TCU est&atilde;o &ldquo;praticamente resolvidos&rdquo;, o que facilitaria o lan&ccedil;amento do edital&nbsp; at&eacute; mar&ccedil;o do pr&oacute;ximo ano.<\/p>\n<p>Sardenberg comentou tamb&eacute;m as reclama&ccedil;&otilde;es das operadoras sobre o pre&ccedil;o das licen&ccedil;as de 3G, que consideram caras, tendo em vista a s&eacute;rie de obriga&ccedil;&otilde;es cruzadas de metas de universaliza&ccedil;&atilde;o, impostas pela Anatel. Segundo o embaixador, o pre&ccedil;o, em m&eacute;dia R$ 635 milh&otilde;es por &aacute;rea, &eacute; &ldquo;mam&atilde;o com a&ccedil;&uacute;car&rdquo;, ressaltando que a ag&ecirc;ncia diminuiu os pre&ccedil;os das licen&ccedil;as por conta da obrigatoriedade imposta nas metas de universaliza&ccedil;&atilde;o. Frente aos questionamentos das operadoras, que queriam pre&ccedil;os mais baixos, Sardenberg destacou o objetivo da Anatel em arrecadar R$ 2,8 bilh&otilde;es com o leil&atilde;o, e citou o caso argentino, &ldquo;onde as licen&ccedil;as de 3G foram vendidas pelo dobro do pre&ccedil;o que estamos pedindo&rdquo;.&nbsp; &nbsp;<\/p>\n","protected":false},"excerpt":{"rendered":"<p>A Anatel (Ag&ecirc;ncia Nacional de Telecomunica&ccedil;&otilde;es), que dever&aacute; ter or&ccedil;amento recorde de R$ 411 milh&otilde;es em 2008, quer realizar at&eacute; mar&ccedil;o do pr&oacute;ximo ano o leil&atilde;o de WiMAX, para oferta de servi&ccedil;os de banda larga sem fio. O leil&atilde;o est&aacute; paralisado desde setembro de 2006 devido &agrave; decis&atilde;o do Tribunal de Contas da Uni&atilde;o (TCU), &hellip; <a href=\"https:\/\/obscom.intervozes.org.br\/?p=20022\" class=\"more-link\">Continue lendo <span class=\"screen-reader-text\">Anatel quer leil\u00e3o de WiMAX at\u00e9 mar\u00e7o de 2008<\/span> <span class=\"meta-nav\">&rarr;<\/span><\/a><\/p>\n","protected":false},"author":1,"featured_media":0,"comment_status":"open","ping_status":"open","sticky":false,"template":"","format":"standard","meta":{"footnotes":""},"categories":[40],"tags":[188],"_links":{"self":[{"href":"https:\/\/obscom.intervozes.org.br\/index.php?rest_route=\/wp\/v2\/posts\/20022"}],"collection":[{"href":"https:\/\/obscom.intervozes.org.br\/index.php?rest_route=\/wp\/v2\/posts"}],"about":[{"href":"https:\/\/obscom.intervozes.org.br\/index.php?rest_route=\/wp\/v2\/types\/post"}],"author":[{"embeddable":true,"href":"https:\/\/obscom.intervozes.org.br\/index.php?rest_route=\/wp\/v2\/users\/1"}],"replies":[{"embeddable":true,"href":"https:\/\/obscom.intervozes.org.br\/index.php?rest_route=%2Fwp%2Fv2%2Fcomments&post=20022"}],"version-history":[{"count":0,"href":"https:\/\/obscom.intervozes.org.br\/index.php?rest_route=\/wp\/v2\/posts\/20022\/revisions"}],"wp:attachment":[{"href":"https:\/\/obscom.intervozes.org.br\/index.php?rest_route=%2Fwp%2Fv2%2Fmedia&parent=20022"}],"wp:term":[{"taxonomy":"category","embeddable":true,"href":"https:\/\/obscom.intervozes.org.br\/index.php?rest_route=%2Fwp%2Fv2%2Fcategories&post=20022"},{"taxonomy":"post_tag","embeddable":true,"href":"https:\/\/obscom.intervozes.org.br\/index.php?rest_route=%2Fwp%2Fv2%2Ftags&post=20022"}],"curies":[{"name":"wp","href":"https:\/\/api.w.org\/{rel}","templated":true}]}}