{"id":20021,"date":"2007-12-10T18:27:14","date_gmt":"2007-12-10T18:27:14","guid":{"rendered":"https:\/\/obscom.intervozes.org.br\/wordpress\/?p=20021"},"modified":"2014-09-07T02:54:42","modified_gmt":"2014-09-07T02:54:42","slug":"ministerio-das-comunicacoes-diz-que-apoia-conferencia-nacional-mas-que-nao-ira-promove-la","status":"publish","type":"post","link":"https:\/\/obscom.intervozes.org.br\/?p=20021","title":{"rendered":"Minist\u00e9rio das Comunica\u00e7\u00f5es diz que ap\u00f3ia Confer\u00eancia Nacional, mas que n\u00e3o ir\u00e1 promov\u00ea-la"},"content":{"rendered":"<p><span>Apesar de ter sido procurado reiteradas vezes pela reportagem deste Observat&oacute;rio para manifestar a sua posi&ccedil;&atilde;o sobre a realiza&ccedil;&atilde;o da Confer&ecirc;ncia Nacional de Comunica&ccedil;&otilde;es, o Minist&eacute;rio das Comunica&ccedil;&otilde;es respondeu aos pedidos de entrevista somente ap&oacute;s a publica&ccedil;&atilde;o da reportagem sobre o tema, na manh&atilde; desta segunda-feira, 10\/12 [<a href=\"http:\/\/localhost\/intervozes_direitoacomunicacao\/wordpress\/?p=20001\">para ler a reportagem, clique aqui<\/a>].<\/p>\n<p><\/span><span>Segundo a assessoria do &oacute;rg&atilde;o, &quot;<em>o minist&eacute;rio ap&oacute;ia integralmente, mas quem est&aacute; organizando &eacute; o Congresso. Vamos apoiar no que for preciso<\/em>&quot;.<font face=\"Times New Roman\"><font size=\"3\"><\/font><\/font><\/span><\/p>\n","protected":false},"excerpt":{"rendered":"<p>Apesar de ter sido procurado reiteradas vezes pela reportagem deste Observat&oacute;rio para manifestar a sua posi&ccedil;&atilde;o sobre a realiza&ccedil;&atilde;o da Confer&ecirc;ncia Nacional de Comunica&ccedil;&otilde;es, o Minist&eacute;rio das Comunica&ccedil;&otilde;es respondeu aos pedidos de entrevista somente ap&oacute;s a publica&ccedil;&atilde;o da reportagem sobre o tema, na manh&atilde; desta segunda-feira, 10\/12 [para ler a reportagem, clique aqui]. Segundo a &hellip; <a href=\"https:\/\/obscom.intervozes.org.br\/?p=20021\" class=\"more-link\">Continue lendo <span class=\"screen-reader-text\">Minist\u00e9rio das Comunica\u00e7\u00f5es diz que ap\u00f3ia Confer\u00eancia Nacional, mas que n\u00e3o ir\u00e1 promov\u00ea-la<\/span> <span class=\"meta-nav\">&rarr;<\/span><\/a><\/p>\n","protected":false},"author":1,"featured_media":0,"comment_status":"open","ping_status":"open","sticky":false,"template":"","format":"standard","meta":{"footnotes":""},"categories":[39],"tags":[],"_links":{"self":[{"href":"https:\/\/obscom.intervozes.org.br\/index.php?rest_route=\/wp\/v2\/posts\/20021"}],"collection":[{"href":"https:\/\/obscom.intervozes.org.br\/index.php?rest_route=\/wp\/v2\/posts"}],"about":[{"href":"https:\/\/obscom.intervozes.org.br\/index.php?rest_route=\/wp\/v2\/types\/post"}],"author":[{"embeddable":true,"href":"https:\/\/obscom.intervozes.org.br\/index.php?rest_route=\/wp\/v2\/users\/1"}],"replies":[{"embeddable":true,"href":"https:\/\/obscom.intervozes.org.br\/index.php?rest_route=%2Fwp%2Fv2%2Fcomments&post=20021"}],"version-history":[{"count":1,"href":"https:\/\/obscom.intervozes.org.br\/index.php?rest_route=\/wp\/v2\/posts\/20021\/revisions"}],"predecessor-version":[{"id":27797,"href":"https:\/\/obscom.intervozes.org.br\/index.php?rest_route=\/wp\/v2\/posts\/20021\/revisions\/27797"}],"wp:attachment":[{"href":"https:\/\/obscom.intervozes.org.br\/index.php?rest_route=%2Fwp%2Fv2%2Fmedia&parent=20021"}],"wp:term":[{"taxonomy":"category","embeddable":true,"href":"https:\/\/obscom.intervozes.org.br\/index.php?rest_route=%2Fwp%2Fv2%2Fcategories&post=20021"},{"taxonomy":"post_tag","embeddable":true,"href":"https:\/\/obscom.intervozes.org.br\/index.php?rest_route=%2Fwp%2Fv2%2Ftags&post=20021"}],"curies":[{"name":"wp","href":"https:\/\/api.w.org\/{rel}","templated":true}]}}