{"id":20018,"date":"2007-12-10T15:56:50","date_gmt":"2007-12-10T15:56:50","guid":{"rendered":"https:\/\/obscom.intervozes.org.br\/wordpress\/?p=20018"},"modified":"2007-12-10T15:56:50","modified_gmt":"2007-12-10T15:56:50","slug":"concentracao-na-midia-preocupa-80-dos-brasileiros-diz-pesquisa","status":"publish","type":"post","link":"https:\/\/obscom.intervozes.org.br\/?p=20018","title":{"rendered":"Concentra\u00e7\u00e3o na m\u00eddia preocupa 80% dos brasileiros, diz pesquisa"},"content":{"rendered":"<p style=\"margin: 0cm 0cm 0pt\" class=\"MsoNormal\"><span><em>Os brasileiros se mostram os mais preocupados com a concentra&ccedil;&atilde;o dos meios de comunica&ccedil;&atilde;o nas m&atilde;os de um &quot;pequeno n&uacute;mero de grandes empresas do setor privado&quot;, revelou uma pesquisa de opini&atilde;o sobre liberdade de imprensa feita em 14 pa&iacute;ses.<\/p>\n<p><\/em><\/span><span>A sondagem &ndash; encomendada pelo Servi&ccedil;o Mundial da BBC e feita pelas empresas de pesquisa GlobeScan e Synovate &ndash; avaliou a opini&atilde;o de 11.344 pessoas por meio de um question&aacute;rio. Segundo o levantamento, 80% dos brasileiros se mostram preocupados com a propriedade das companhias de m&iacute;dia e acreditam que esse controle pode levar &agrave; &ldquo;exposi&ccedil;&atilde;o das vis&otilde;es pol&iacute;ticas&rdquo; de seus donos no notici&aacute;rio. <\/p>\n<p><\/span><span>Entrevistados de outros pa&iacute;ses tamb&eacute;m compartilham da mesma opini&atilde;o, como no M&eacute;xico (76%), nos Estados Unidos (74%) e na Gr&atilde;-Bretanha (71%). <\/p>\n<p><\/span><span>A sondagem mostrou, no entanto, que ao mesmo tempo em que s&atilde;o os mais preocupados com o controle e a concentra&ccedil;&atilde;o privada na m&iacute;dia, os brasileiros tamb&eacute;m fazem a pior avalia&ccedil;&atilde;o sobre o desempenho dos meios de comunica&ccedil;&atilde;o financiados pelo governo. <\/p>\n<p><\/span><span>Nessa parte do question&aacute;rio foi considerada a opini&atilde;o das pessoas em rela&ccedil;&atilde;o &agrave; &ldquo;honestidade&rdquo; e &agrave; &ldquo;precis&atilde;o&rdquo; com que os &oacute;rg&atilde;os de comunica&ccedil;&atilde;o, p&uacute;blicos e privados, tratam a not&iacute;cia. <\/p>\n<p><\/span><span>De acordo com o estudo, 43% dos entrevistados acreditam que a cobertura do notici&aacute;rio pelos &oacute;rg&atilde;os p&uacute;blicos brasileiros &eacute; &ldquo;pobre&rdquo;; 32%, mediana; e 25% dizem que ela &eacute; &ldquo;boa&rdquo;. <\/p>\n<p><\/span><span>Em contrapartida, os brasileiros tiveram uma opini&atilde;o mais positiva quando foram indagados sobre o desempenho das empresas privadas: 37% acreditam que elas fazem um &ldquo;bom&rdquo; trabalho, 38% afirmam que ela &eacute; mediana e 25% dizem que sua atua&ccedil;&atilde;o &eacute; &ldquo;pobre&rdquo;. <\/p>\n<p><\/span><span><strong>Voz<\/p>\n<p><\/strong><\/span><span>Os brasileiros tamb&eacute;m se mostraram os mais interessados em participar do processo de decis&atilde;o sobre o que &eacute; noticiado: 74% dos entrevistados disseram que gostariam de &ldquo;ser ouvidos&rdquo; na escolha das not&iacute;cias. Nessa pergunta, em seguida vieram os mexicanos, com 63%. Os russos, com 29%, foram os entrevistados que se mostraram menos interessados em influenciar na escolha do que &eacute; noticiado. <\/p>\n<p><\/span><span>A pesquisa ainda avaliou que os brasileiros parecem &ldquo;divididos&rdquo; sobre a quest&atilde;o da liberdade de imprensa e estabilidade social.<\/p>\n<p><\/span><span>Enquanto 52% opinaram que a liberdade para informar os fatos de forma honesta e verdadeira &eacute; importante para garantir uma &ldquo;sociedade justa&rdquo; &ndash; mesmo que isto implique em &ldquo;debates desagrad&aacute;veis ou efervesc&ecirc;ncias sociais&rdquo; &ndash;, outros 48% acreditam que &ldquo;a harmonia e a paz social s&atilde;o mais importantes&rdquo; e, portanto, o eventual controle do que &eacute; noticiado seria aceit&aacute;vel para o &ldquo;bem comum&rdquo;. <\/p>\n<p><\/span><span>Curiosamente, avalia o relat&oacute;rio, a Venezuela foi um dos pa&iacute;ses cuja popula&ccedil;&atilde;o mais priorizou a liberdade de imprensa em detrimento da estabilidade social (64%). <\/p>\n<p><\/span><span>Entre todos os pesquisados, os americanos (70%), brit&acirc;nicos (67%) e alem&atilde;es (67%) foram os que mais opinaram a favor da liberdade de imprensa como instrumento para garantir uma sociedade justa.&nbsp;<\/p>\n<p><\/span><span>A pesquisa ouviu os entrevistados entre os dias 1&ordm; de outubro e 21 de novembro. A Oceania foi o &uacute;nico continente n&atilde;o inclu&iacute;do no levantamento. Na Am&eacute;rica Latina, o estudo foi realizado no Brasil, M&eacute;xico e Venezuela. <\/span><\/p>\n","protected":false},"excerpt":{"rendered":"<p>Os brasileiros se mostram os mais preocupados com a concentra&ccedil;&atilde;o dos meios de comunica&ccedil;&atilde;o nas m&atilde;os de um &quot;pequeno n&uacute;mero de grandes empresas do setor privado&quot;, revelou uma pesquisa de opini&atilde;o sobre liberdade de imprensa feita em 14 pa&iacute;ses. A sondagem &ndash; encomendada pelo Servi&ccedil;o Mundial da BBC e feita pelas empresas de pesquisa GlobeScan &hellip; <a href=\"https:\/\/obscom.intervozes.org.br\/?p=20018\" class=\"more-link\">Continue lendo <span class=\"screen-reader-text\">Concentra\u00e7\u00e3o na m\u00eddia preocupa 80% dos brasileiros, diz pesquisa<\/span> <span class=\"meta-nav\">&rarr;<\/span><\/a><\/p>\n","protected":false},"author":1,"featured_media":0,"comment_status":"open","ping_status":"open","sticky":false,"template":"","format":"standard","meta":{"footnotes":""},"categories":[40],"tags":[69],"_links":{"self":[{"href":"https:\/\/obscom.intervozes.org.br\/index.php?rest_route=\/wp\/v2\/posts\/20018"}],"collection":[{"href":"https:\/\/obscom.intervozes.org.br\/index.php?rest_route=\/wp\/v2\/posts"}],"about":[{"href":"https:\/\/obscom.intervozes.org.br\/index.php?rest_route=\/wp\/v2\/types\/post"}],"author":[{"embeddable":true,"href":"https:\/\/obscom.intervozes.org.br\/index.php?rest_route=\/wp\/v2\/users\/1"}],"replies":[{"embeddable":true,"href":"https:\/\/obscom.intervozes.org.br\/index.php?rest_route=%2Fwp%2Fv2%2Fcomments&post=20018"}],"version-history":[{"count":0,"href":"https:\/\/obscom.intervozes.org.br\/index.php?rest_route=\/wp\/v2\/posts\/20018\/revisions"}],"wp:attachment":[{"href":"https:\/\/obscom.intervozes.org.br\/index.php?rest_route=%2Fwp%2Fv2%2Fmedia&parent=20018"}],"wp:term":[{"taxonomy":"category","embeddable":true,"href":"https:\/\/obscom.intervozes.org.br\/index.php?rest_route=%2Fwp%2Fv2%2Fcategories&post=20018"},{"taxonomy":"post_tag","embeddable":true,"href":"https:\/\/obscom.intervozes.org.br\/index.php?rest_route=%2Fwp%2Fv2%2Ftags&post=20018"}],"curies":[{"name":"wp","href":"https:\/\/api.w.org\/{rel}","templated":true}]}}