{"id":20014,"date":"2007-12-10T15:38:25","date_gmt":"2007-12-10T15:38:25","guid":{"rendered":"https:\/\/obscom.intervozes.org.br\/wordpress\/?p=20014"},"modified":"2007-12-10T15:38:25","modified_gmt":"2007-12-10T15:38:25","slug":"relatorio-projeta-insercao-das-celulares-na-disputa-pelo-mercado-de-radiodifusao","status":"publish","type":"post","link":"https:\/\/obscom.intervozes.org.br\/?p=20014","title":{"rendered":"Relat\u00f3rio projeta inser\u00e7\u00e3o das celulares na disputa pelo mercado de radiodifus\u00e3o"},"content":{"rendered":"<p>Mudan&ccedil;as no Servi&ccedil;o M&oacute;vel Pessoal (SMP) est&atilde;o mesmo na mira da Anatel. Depois de considerar que o servi&ccedil;o deve sofrer altera&ccedil;&otilde;es para acomodar a introdu&ccedil;&atilde;o do WiMAX m&oacute;vel, a ag&ecirc;ncia pondera que as novas tend&ecirc;ncias tecnol&oacute;gicas exigir&atilde;o a cria&ccedil;&atilde;o de um novo servi&ccedil;o m&oacute;vel, em substitui&ccedil;&atilde;o ao atual SMP. A conclus&atilde;o integra um estudo t&eacute;cnico da Anatel sobre a evolu&ccedil;&atilde;o dos sistemas de comunica&ccedil;&atilde;o, em especial para o per&iacute;odo a partir de 2010.<\/p>\n<p>O relat&oacute;rio projeta para as prestadoras do SMP uma inser&ccedil;&atilde;o cada vez maior no neg&oacute;cio de radiodifus&atilde;o, a ponto delas competirem com as emissoras de r&aacute;dio e televis&atilde;o. O cen&aacute;rio exigir&aacute; uma melhor defini&ccedil;&atilde;o de Servi&ccedil;o de Valor Adicionado (SVA) e conseq&uuml;ente revis&atilde;o da Lei Geral de Telecomunica&ccedil;&otilde;es (LGT), com a cria&ccedil;&atilde;o de um novo servi&ccedil;o m&oacute;vel, indicam os t&eacute;cnicos, destacando a necessidade de a licen&ccedil;a abarcar os novos modelos de neg&oacute;cios advindos n&atilde;o s&oacute; da converg&ecirc;ncia, mas da possibilidade de oferta de novos servi&ccedil;os.<\/p>\n<p>O texto enfatiza o crescimento dos SVAs e o fato de a modalidade n&atilde;o ser regulada quanto &agrave; qualidade do servi&ccedil;o, abrang&ecirc;ncia na presta&ccedil;&atilde;o e continuidade da oferta. Os mesmos argumentos est&atilde;o presentes na an&aacute;lise dos cen&aacute;rios para introdu&ccedil;&atilde;o do WiMAX m&oacute;vel, indicando que a Anatel deve mesmo propor o enquadramento dos SVAs. &ldquo;Neste contexto, dever&aacute; ser analisada tamb&eacute;m a possibilidade de licen&ccedil;as em car&aacute;ter nacional ao inv&eacute;s de licen&ccedil;as regionais, al&eacute;m da separa&ccedil;&atilde;o das autoriza&ccedil;&otilde;es para a presta&ccedil;&atilde;o do servi&ccedil;o de telecomunica&ccedil;&otilde;es e a opera&ccedil;&atilde;o das redes, em especial, na oferta de conte&uacute;dos personalizados e de servi&ccedil;os diferenciados, fato hoje que n&atilde;o &eacute; poss&iacute;vel, pois as autoriza&ccedil;&otilde;es para presta&ccedil;&atilde;o dos servi&ccedil;os est&atilde;o vinculados a determinados servi&ccedil;os ou radiofreq&uuml;&ecirc;ncias&rdquo;, ressalta o estudo. <\/p>\n<p>Os t&eacute;cnicos da Anatel concluem que o mercado de telecom caminha para o modelo de multiservi&ccedil;os, assim como para uma estrutura mais distribu&iacute;da de mercado, em substitui&ccedil;&atilde;o ao conceito de servi&ccedil;os fim-a-fim, no qual a operadora &eacute; respons&aacute;vel por todas as partes da cadeia de valor. <\/p>\n<p>A separa&ccedil;&atilde;o entre servi&ccedil;os e infra-estrutura de rede tamb&eacute;m est&aacute; presente no relat&oacute;rio, que aponta a separa&ccedil;&atilde;o como uma medida de fomento &agrave; competi&ccedil;&atilde;o. &ldquo;Um desafio importante aqui &eacute; assegurar a competi&ccedil;&atilde;o justa entre companhias verticalmente integradas, como as operadoras incumbentes e os provedores de servi&ccedil;o&rdquo;, ponderam os t&eacute;cnicos, que sugerem poss&iacute;veis alternativas, como a regulamenta&ccedil;&atilde;o dos termos para a interconex&atilde;o, separa&ccedil;&atilde;o da contabilidade, e em alguns casos uma separa&ccedil;&atilde;o estrutural completa entre servi&ccedil;o e as opera&ccedil;&otilde;es da rede, aos moldes do que ocorreu na British Telecom.<\/p>\n","protected":false},"excerpt":{"rendered":"<p>Mudan&ccedil;as no Servi&ccedil;o M&oacute;vel Pessoal (SMP) est&atilde;o mesmo na mira da Anatel. Depois de considerar que o servi&ccedil;o deve sofrer altera&ccedil;&otilde;es para acomodar a introdu&ccedil;&atilde;o do WiMAX m&oacute;vel, a ag&ecirc;ncia pondera que as novas tend&ecirc;ncias tecnol&oacute;gicas exigir&atilde;o a cria&ccedil;&atilde;o de um novo servi&ccedil;o m&oacute;vel, em substitui&ccedil;&atilde;o ao atual SMP. A conclus&atilde;o integra um estudo t&eacute;cnico &hellip; <a href=\"https:\/\/obscom.intervozes.org.br\/?p=20014\" class=\"more-link\">Continue lendo <span class=\"screen-reader-text\">Relat\u00f3rio projeta inser\u00e7\u00e3o das celulares na disputa pelo mercado de radiodifus\u00e3o<\/span> <span class=\"meta-nav\">&rarr;<\/span><\/a><\/p>\n","protected":false},"author":1,"featured_media":0,"comment_status":"open","ping_status":"open","sticky":false,"template":"","format":"standard","meta":{"footnotes":""},"categories":[40],"tags":[152],"_links":{"self":[{"href":"https:\/\/obscom.intervozes.org.br\/index.php?rest_route=\/wp\/v2\/posts\/20014"}],"collection":[{"href":"https:\/\/obscom.intervozes.org.br\/index.php?rest_route=\/wp\/v2\/posts"}],"about":[{"href":"https:\/\/obscom.intervozes.org.br\/index.php?rest_route=\/wp\/v2\/types\/post"}],"author":[{"embeddable":true,"href":"https:\/\/obscom.intervozes.org.br\/index.php?rest_route=\/wp\/v2\/users\/1"}],"replies":[{"embeddable":true,"href":"https:\/\/obscom.intervozes.org.br\/index.php?rest_route=%2Fwp%2Fv2%2Fcomments&post=20014"}],"version-history":[{"count":0,"href":"https:\/\/obscom.intervozes.org.br\/index.php?rest_route=\/wp\/v2\/posts\/20014\/revisions"}],"wp:attachment":[{"href":"https:\/\/obscom.intervozes.org.br\/index.php?rest_route=%2Fwp%2Fv2%2Fmedia&parent=20014"}],"wp:term":[{"taxonomy":"category","embeddable":true,"href":"https:\/\/obscom.intervozes.org.br\/index.php?rest_route=%2Fwp%2Fv2%2Fcategories&post=20014"},{"taxonomy":"post_tag","embeddable":true,"href":"https:\/\/obscom.intervozes.org.br\/index.php?rest_route=%2Fwp%2Fv2%2Ftags&post=20014"}],"curies":[{"name":"wp","href":"https:\/\/api.w.org\/{rel}","templated":true}]}}