{"id":20010,"date":"2007-12-10T12:08:35","date_gmt":"2007-12-10T12:08:35","guid":{"rendered":"https:\/\/obscom.intervozes.org.br\/wordpress\/?p=20010"},"modified":"2007-12-10T12:08:35","modified_gmt":"2007-12-10T12:08:35","slug":"sergio-sa-leitao-e-indicado-a-diretoria-da-ancine","status":"publish","type":"post","link":"https:\/\/obscom.intervozes.org.br\/?p=20010","title":{"rendered":"S\u00e9rgio S\u00e1 Leit\u00e3o \u00e9 indicado \u00e0 diretoria da Ancine"},"content":{"rendered":"<p>O presidente Lula indicou S&eacute;rgio S&aacute; Leit&atilde;o &agrave; vaga aberta na diretoria da Ancine com a sa&iacute;da de Leopoldo Nunes. Com a indica&ccedil;&atilde;o, S&aacute; Leit&atilde;o precisa ser sabatinado pelo Senado. Leopoldo deixou a diretoria da ag&ecirc;ncia para assumir a dire&ccedil;&atilde;o de programa&ccedil;&atilde;o e conte&uacute;do na TV Brasil. S&eacute;rgio S&aacute; Leit&atilde;o atuou como assessor especial na Ancine, no Minist&eacute;rio da Cultura e no BNDES. Tamb&eacute;m foi diretor da sales agent da Vereda Filmes. Seu nome ainda precisa passar pelo crivo do Senado Federal.<\/p>\n","protected":false},"excerpt":{"rendered":"<p>O presidente Lula indicou S&eacute;rgio S&aacute; Leit&atilde;o &agrave; vaga aberta na diretoria da Ancine com a sa&iacute;da de Leopoldo Nunes. Com a indica&ccedil;&atilde;o, S&aacute; Leit&atilde;o precisa ser sabatinado pelo Senado. Leopoldo deixou a diretoria da ag&ecirc;ncia para assumir a dire&ccedil;&atilde;o de programa&ccedil;&atilde;o e conte&uacute;do na TV Brasil. S&eacute;rgio S&aacute; Leit&atilde;o atuou como assessor especial na &hellip; <a href=\"https:\/\/obscom.intervozes.org.br\/?p=20010\" class=\"more-link\">Continue lendo <span class=\"screen-reader-text\">S\u00e9rgio S\u00e1 Leit\u00e3o \u00e9 indicado \u00e0 diretoria da Ancine<\/span> <span class=\"meta-nav\">&rarr;<\/span><\/a><\/p>\n","protected":false},"author":1,"featured_media":0,"comment_status":"open","ping_status":"open","sticky":false,"template":"","format":"standard","meta":{"footnotes":""},"categories":[39],"tags":[],"_links":{"self":[{"href":"https:\/\/obscom.intervozes.org.br\/index.php?rest_route=\/wp\/v2\/posts\/20010"}],"collection":[{"href":"https:\/\/obscom.intervozes.org.br\/index.php?rest_route=\/wp\/v2\/posts"}],"about":[{"href":"https:\/\/obscom.intervozes.org.br\/index.php?rest_route=\/wp\/v2\/types\/post"}],"author":[{"embeddable":true,"href":"https:\/\/obscom.intervozes.org.br\/index.php?rest_route=\/wp\/v2\/users\/1"}],"replies":[{"embeddable":true,"href":"https:\/\/obscom.intervozes.org.br\/index.php?rest_route=%2Fwp%2Fv2%2Fcomments&post=20010"}],"version-history":[{"count":0,"href":"https:\/\/obscom.intervozes.org.br\/index.php?rest_route=\/wp\/v2\/posts\/20010\/revisions"}],"wp:attachment":[{"href":"https:\/\/obscom.intervozes.org.br\/index.php?rest_route=%2Fwp%2Fv2%2Fmedia&parent=20010"}],"wp:term":[{"taxonomy":"category","embeddable":true,"href":"https:\/\/obscom.intervozes.org.br\/index.php?rest_route=%2Fwp%2Fv2%2Fcategories&post=20010"},{"taxonomy":"post_tag","embeddable":true,"href":"https:\/\/obscom.intervozes.org.br\/index.php?rest_route=%2Fwp%2Fv2%2Ftags&post=20010"}],"curies":[{"name":"wp","href":"https:\/\/api.w.org\/{rel}","templated":true}]}}