{"id":20001,"date":"2007-12-10T00:00:00","date_gmt":"2007-12-10T00:00:00","guid":{"rendered":"https:\/\/obscom.intervozes.org.br\/wordpress\/?p=20001"},"modified":"2007-12-10T00:00:00","modified_gmt":"2007-12-10T00:00:00","slug":"sem-apoio-do-governo-entidades-iniciam-dialogo-com-empresas","status":"publish","type":"post","link":"https:\/\/obscom.intervozes.org.br\/?p=20001","title":{"rendered":"Sem apoio do governo, entidades iniciam di\u00e1logo com empresas"},"content":{"rendered":"<p>Apesar do recente avan&ccedil;o obtido no Congresso, com a aprova&ccedil;&atilde;o da emenda ao PPA (Plano Plurianual) de R$ 20 milh&otilde;es pela Comiss&atilde;o de Ci&ecirc;ncia e Tecnologia, Comunica&ccedil;&atilde;o e Inform&aacute;tica da C&acirc;mara dos Deputados, a Comiss&atilde;o Pr&oacute;-Confer&ecirc;ncia Nacional de Comunica&ccedil;&atilde;o segue sem sinais concretos por parte do Governo Federal sobre a realiza&ccedil;&atilde;o de uma confer&ecirc;ncia ampla e democr&aacute;tica, similar as j&aacute; realizadas em outras &aacute;reas, como a de Sa&uacute;de ou a das Cidades. Embora se mostrem favor&aacute;veis &agrave; id&eacute;ia e mantenham di&aacute;logo aberto com a sociedade civil, os ministros envolvidos na quest&atilde;o t&ecirc;m evitado apontar datas ou tomar medidas efetivas para sua realiza&ccedil;&atilde;o. <\/p>\n<p>Embora o ministro-chefe da Secretaria Geral do Pal&aacute;cio do Planalto, Luiz Dulci, tenha reafirmado que o governo vai realizar a confer&ecirc;ncia, a assessoria de imprensa do &oacute;rg&atilde;o restringe-se a dizer que o Minist&eacute;rio desempenha o papel de mediador com a sociedade civil. A informa&ccedil;&atilde;o oficial &eacute; de que podem apoiar o processo, mas que cabe exclusivamente ao Minist&eacute;rio das Comunica&ccedil;&otilde;es convoc&aacute;-lo. J&aacute; o &oacute;rg&atilde;o comandado por H&eacute;lio Costa n&atilde;o se posicionou a respeito at&eacute; o fechamento da mat&eacute;ria, apesar de ter sido procurado pela reportagem do Observat&oacute;rio do Direito &agrave; Comunica&ccedil;&atilde;o reiteradas vezes. <\/p>\n<p>Mesmo sem avan&ccedil;os concretos, parte da preocupa&ccedil;&atilde;o do governo &eacute; assegurar, no processo de constru&ccedil;&atilde;o da confer&ecirc;ncia, a presen&ccedil;a do empresariado do campo das comunica&ccedil;&otilde;es. A busca de di&aacute;logo com estes setores, entretanto, em fun&ccedil;&atilde;o do imobilismo do governo, tem sido feita diretamente pelas organiza&ccedil;&otilde;es reunidas em torno da Comiss&atilde;o Pr&oacute;-Confer&ecirc;ncia, que j&aacute; iniciou contato com a Associa&ccedil;&atilde;o Brasileira de Emissoras de R&aacute;dio e Televis&atilde;o (Abert), e a Associa&ccedil;&atilde;o Brasileira de Concession&aacute;rias de Servi&ccedil;o Telef&ocirc;nico Fixo Comutado (Abrafix).<\/p>\n<p>Segundo Ricardo Moretzsohn, membro da Comiss&atilde;o Pr&oacute;-Confer&ecirc;ncia pela campanha Quem financia a baixaria &eacute; contra a cidadania, o contato com os empres&aacute;rios &eacute; um avan&ccedil;o no processo pela realiza&ccedil;&atilde;o da confer&ecirc;ncia. &ldquo;Temos a sinaliza&ccedil;&atilde;o de que, se o empresariado n&atilde;o estiver presente, o governo n&atilde;o ir&aacute; se mobilizar em prol da id&eacute;ia. Al&eacute;m disso, creio que com a participa&ccedil;&atilde;o deste segmento n&atilde;o haver&aacute; porque evitar o debate sobre o tema em seus ve&iacute;culos&rdquo;, afirma. <\/p>\n<p>Ao contr&aacute;rio do que se poderia imaginar, as entidades do setor empresarial demonstram afinidade com a id&eacute;ia. Em reuni&atilde;o com a Comiss&atilde;o Pr&oacute;-Confer&ecirc;ncia ocorrida na semana passada, a Abert manifestou a inten&ccedil;&atilde;o de participar do evento desde que haja &ldquo;abrang&ecirc;ncia de temas&rdquo;. Al&eacute;m disso, em sintonia com a Comiss&atilde;o, a principal entidade dos radiodifusores manifestou preocupa&ccedil;&atilde;o com o fato de diversos projetos de lei que alteram o quadro regulat&oacute;rio das comunica&ccedil;&otilde;es estarem sendo discutidos antes da realiza&ccedil;&atilde;o da confer&ecirc;ncia. Entretanto, apesar da reuni&atilde;o com as organiza&ccedil;&otilde;es da sociedade civil, o presidente da Abert, Daniel Slaviero, comunicou que a entidade n&atilde;o se pronunciar&aacute; sobre o assunto, pois &ldquo;ainda &eacute; muito cedo para faz&ecirc;-lo&rdquo;. <\/p>\n<p>A Abrafix tamb&eacute;m j&aacute; foi convidada a participar do processo pela Comiss&atilde;o Pr&oacute;-Confer&ecirc;ncia e, em reuni&atilde;o conjunta realizada na &uacute;ltima quarta-feira (5), os representantes das empresas de telefonia fixa expressaram o interesse em participar da constru&ccedil;&atilde;o da confer&ecirc;ncia e se colocaram &agrave; disposi&ccedil;&atilde;o para articular outros atores que mant&eacute;m contato com a associa&ccedil;&atilde;o. <\/p>\n<p>S&ocirc;nia Hypolito, assessora da Comiss&atilde;o de Direitos Humanos e Minorias (CDHM) da C&acirc;mara dos Deputados, diz estar confiante na participa&ccedil;&atilde;o dos diversos setores do empresariado. &ldquo;Acho que as disputas entre os pr&oacute;prios empres&aacute;rios far&atilde;o com que participem do processo&rdquo;, afirma. <\/p>\n<p>J&aacute; para o coordenador-geral do F&oacute;rum Nacional pela Democratiza&ccedil;&atilde;o da Comunica&ccedil;&atilde;o (FNDC), Celso Schroder, a aproxima&ccedil;&atilde;o &agrave; Abert e &agrave; Abrafix n&atilde;o altera as diferentes vis&otilde;es sobre os temas da comunica&ccedil;&atilde;o, mas &ldquo;possibilita a constru&ccedil;&atilde;o de um espa&ccedil;o p&uacute;blico onde os interesses sejam explicitados pela primeira vez ap&oacute;s o debate da Lei do Cabo&rdquo;. Schroder afirma que o contato com os empres&aacute;rios &eacute; um grande avan&ccedil;o para construir a confer&ecirc;ncia, mas ressalta a necessidade de encerrar o ano com uma posi&ccedil;&atilde;o oficial do governo. <\/p>\n<p><strong>Comit&ecirc;s estaduais<\/strong><\/p>\n<p>Enquanto a articula&ccedil;&atilde;o com o governo continua patinando, a mobiliza&ccedil;&atilde;o entre as entidades que comp&otilde;em a Comiss&atilde;o Pr&oacute;-Confer&ecirc;ncia progride. Na &uacute;ltima semana de novembro foi realizada uma videoconfer&ecirc;ncia com a participa&ccedil;&atilde;o de treze estados, onde foi aprovada a cria&ccedil;&atilde;o de comit&ecirc;s estaduais para estimular a participa&ccedil;&atilde;o social nas diferentes regi&otilde;es e aumentar a press&atilde;o pol&iacute;tica sobre o governo.<\/p>\n<p>Br&aacute;ulio Ribeiro, da coordena&ccedil;&atilde;o do Intervozes, avalia que a iniciativa foi um marco importante. &ldquo;Pela primeira vez foi poss&iacute;vel fazer um levantamento da mobiliza&ccedil;&atilde;o e saber como est&atilde;o as articula&ccedil;&otilde;es nos estados&rdquo;. Segundo Ribeiro, entretanto, ainda &eacute; necess&aacute;rio avan&ccedil;ar na mobiliza&ccedil;&atilde;o das organiza&ccedil;&otilde;es, tanto do campo das comunica&ccedil;&otilde;es quanto das ligadas a outras &aacute;reas de direitos humanos. &ldquo;Acreditamos em uma confer&ecirc;ncia realmente ampla. A comunica&ccedil;&atilde;o &eacute; um tema transversal, de interesse de toda a sociedade&rdquo;, diz.<\/p>\n","protected":false},"excerpt":{"rendered":"<p>Apesar do avan\u00e7o no Congresso, organiza\u00e7\u00f5es e entidades reunidas na Comiss\u00e3o Pr\u00f3-Confer\u00eancia de Comunica\u00e7\u00e3o seguem sem sinais concretos por parte do Governo Federal, e d\u00e3o in\u00edcio a di\u00e1logo com empresariado. <\/p>\n","protected":false},"author":1,"featured_media":0,"comment_status":"open","ping_status":"open","sticky":false,"template":"","format":"standard","meta":{"footnotes":""},"categories":[40],"tags":[570],"_links":{"self":[{"href":"https:\/\/obscom.intervozes.org.br\/index.php?rest_route=\/wp\/v2\/posts\/20001"}],"collection":[{"href":"https:\/\/obscom.intervozes.org.br\/index.php?rest_route=\/wp\/v2\/posts"}],"about":[{"href":"https:\/\/obscom.intervozes.org.br\/index.php?rest_route=\/wp\/v2\/types\/post"}],"author":[{"embeddable":true,"href":"https:\/\/obscom.intervozes.org.br\/index.php?rest_route=\/wp\/v2\/users\/1"}],"replies":[{"embeddable":true,"href":"https:\/\/obscom.intervozes.org.br\/index.php?rest_route=%2Fwp%2Fv2%2Fcomments&post=20001"}],"version-history":[{"count":0,"href":"https:\/\/obscom.intervozes.org.br\/index.php?rest_route=\/wp\/v2\/posts\/20001\/revisions"}],"wp:attachment":[{"href":"https:\/\/obscom.intervozes.org.br\/index.php?rest_route=%2Fwp%2Fv2%2Fmedia&parent=20001"}],"wp:term":[{"taxonomy":"category","embeddable":true,"href":"https:\/\/obscom.intervozes.org.br\/index.php?rest_route=%2Fwp%2Fv2%2Fcategories&post=20001"},{"taxonomy":"post_tag","embeddable":true,"href":"https:\/\/obscom.intervozes.org.br\/index.php?rest_route=%2Fwp%2Fv2%2Ftags&post=20001"}],"curies":[{"name":"wp","href":"https:\/\/api.w.org\/{rel}","templated":true}]}}