{"id":19992,"date":"2007-12-07T14:52:36","date_gmt":"2007-12-07T14:52:36","guid":{"rendered":"https:\/\/obscom.intervozes.org.br\/wordpress\/?p=19992"},"modified":"2007-12-07T14:52:36","modified_gmt":"2007-12-07T14:52:36","slug":"para-fara-piloto-de-acesso-a-internet-via-rede-eletrica","status":"publish","type":"post","link":"https:\/\/obscom.intervozes.org.br\/?p=19992","title":{"rendered":"Par\u00e1 far\u00e1 piloto de acesso \u00e0 Internet via rede el\u00e9trica"},"content":{"rendered":"<p>O Governo do Par&aacute; confirmou interesse no acordo de coopera&ccedil;&atilde;o t&eacute;cnica entre a empresa de Processamento de Dados do Estado do Par&aacute; (Prodepa) e a Procempa. O presidente da Prodepa, Carlos Lisboa Franc&ecirc;s, se reuniu, nesta ter&ccedil;a-feira, 04\/12, com o diretor t&eacute;cnico da Procempa, Zilmino Tartari, para tratar do conv&ecirc;nio, que prev&ecirc; a troca de conhecimentos sobre os projetos de Tecnologia da Informa&ccedil;&atilde;o e Comunica&ccedil;&atilde;o (TIC), executados pelas duas organiza&ccedil;&otilde;es. <\/p>\n<p>Durante o encontro, os t&eacute;cnicos da Prodepa assistiram a uma apresenta&ccedil;&atilde;o do projeto Power Line Communication (PLC), primeira rede de comunica&ccedil;&atilde;o e acesso &agrave; Internet pela rede el&eacute;trica do Rio Grande do Sul, com mais de 3,5 quil&ocirc;metros de extens&atilde;o, implantado pela Procempa na Restinga em dezembro de 2006. <\/p>\n<p>De acordo com Franc&ecirc;s, a Prodepa pretende implementar, a partir de janeiro de 2008, na cidade de Benevides, localizada na regi&atilde;o metropolitana de Bel&eacute;m, um projeto piloto semelhante ao desenvolvido pela Procempa na Restinga. A princ&iacute;pio ser&atilde;o conectados &agrave; rede PLC um posto de sa&uacute;de, uma escola e uma delegacia de pol&iacute;cia. <\/p>\n<p>&#39;Nosso objetivo &eacute; aplicar a tecnologia PLC nas &aacute;reas priorit&aacute;rias da sa&uacute;de, educa&ccedil;&atilde;o e seguran&ccedil;a&#39;, afirma Franc&ecirc;s. &#39;O projeto PLC da Procempa &eacute; o melhor case de sucesso do pa&iacute;s&#39;, completou o presidente da Prodepa. <\/p>\n<p>J&aacute; o diretor t&eacute;cnico da Procempa afirma que o est&aacute;gio tecnol&oacute;gico em que a institui&ccedil;&atilde;o se encontra desperta o interesse de outras empresas p&uacute;blicas, que pretendem desenvolver projetos inovadores na &aacute;rea de TIC. &#39;A Prodepa dar&aacute; in&iacute;cio &agrave; sua rede PLC com base na experi&ecirc;ncia de Porto Alegre&#39;, completou o executivo. <\/p>\n","protected":false},"excerpt":{"rendered":"<p>O Governo do Par&aacute; confirmou interesse no acordo de coopera&ccedil;&atilde;o t&eacute;cnica entre a empresa de Processamento de Dados do Estado do Par&aacute; (Prodepa) e a Procempa. O presidente da Prodepa, Carlos Lisboa Franc&ecirc;s, se reuniu, nesta ter&ccedil;a-feira, 04\/12, com o diretor t&eacute;cnico da Procempa, Zilmino Tartari, para tratar do conv&ecirc;nio, que prev&ecirc; a troca de &hellip; <a href=\"https:\/\/obscom.intervozes.org.br\/?p=19992\" class=\"more-link\">Continue lendo <span class=\"screen-reader-text\">Par\u00e1 far\u00e1 piloto de acesso \u00e0 Internet via rede el\u00e9trica<\/span> <span class=\"meta-nav\">&rarr;<\/span><\/a><\/p>\n","protected":false},"author":1,"featured_media":0,"comment_status":"open","ping_status":"open","sticky":false,"template":"","format":"standard","meta":{"footnotes":""},"categories":[40],"tags":[80],"_links":{"self":[{"href":"https:\/\/obscom.intervozes.org.br\/index.php?rest_route=\/wp\/v2\/posts\/19992"}],"collection":[{"href":"https:\/\/obscom.intervozes.org.br\/index.php?rest_route=\/wp\/v2\/posts"}],"about":[{"href":"https:\/\/obscom.intervozes.org.br\/index.php?rest_route=\/wp\/v2\/types\/post"}],"author":[{"embeddable":true,"href":"https:\/\/obscom.intervozes.org.br\/index.php?rest_route=\/wp\/v2\/users\/1"}],"replies":[{"embeddable":true,"href":"https:\/\/obscom.intervozes.org.br\/index.php?rest_route=%2Fwp%2Fv2%2Fcomments&post=19992"}],"version-history":[{"count":0,"href":"https:\/\/obscom.intervozes.org.br\/index.php?rest_route=\/wp\/v2\/posts\/19992\/revisions"}],"wp:attachment":[{"href":"https:\/\/obscom.intervozes.org.br\/index.php?rest_route=%2Fwp%2Fv2%2Fmedia&parent=19992"}],"wp:term":[{"taxonomy":"category","embeddable":true,"href":"https:\/\/obscom.intervozes.org.br\/index.php?rest_route=%2Fwp%2Fv2%2Fcategories&post=19992"},{"taxonomy":"post_tag","embeddable":true,"href":"https:\/\/obscom.intervozes.org.br\/index.php?rest_route=%2Fwp%2Fv2%2Ftags&post=19992"}],"curies":[{"name":"wp","href":"https:\/\/api.w.org\/{rel}","templated":true}]}}