{"id":19989,"date":"2007-12-06T18:53:01","date_gmt":"2007-12-06T18:53:01","guid":{"rendered":"https:\/\/obscom.intervozes.org.br\/wordpress\/?p=19989"},"modified":"2007-12-06T18:53:01","modified_gmt":"2007-12-06T18:53:01","slug":"globo-e-condenada-a-pagar-r-250-mil-de-indenizacao-a-desembargador","status":"publish","type":"post","link":"https:\/\/obscom.intervozes.org.br\/?p=19989","title":{"rendered":"Globo \u00e9 condenada a pagar R$ 250 mil de indeniza\u00e7\u00e3o a desembargador"},"content":{"rendered":"<p>A TV Globo foi condenada a pagar indeniza&ccedil;&atilde;o por danos morais de R$ 250 mil ao desembargador Manuel Ornellas de Almeida, por ter exibido mat&eacute;ria em que o magistrado &eacute; acusado de vender senten&ccedil;as.<\/p>\n<p>A mat&eacute;ria em quest&atilde;o foi veiculada em setembro de 1999 pelo &quot;Jornal Nacional&quot;. Nela, o juiz Leopoldino Marques do Amaral denunciou outros magistrados pela pr&aacute;tica ilegal. Entre os denunciados estava o ent&atilde;o juiz Almeida. <\/p>\n<p>Esta &eacute; a 3&ordf; inst&acirc;ncia do processo. Na primeira, a indeniza&ccedil;&atilde;o fixada era de R$ 1,062 milh&atilde;o. Na &eacute;poca da decis&atilde;o, a emissora entrou com recurso e a indeniza&ccedil;&atilde;o foi fixada em R$ 500 mil pelo ju&iacute;zo em 2&ordm; grau. O magistrado tamb&eacute;m recorreu da decis&atilde;o, que foi julgada agora pela 4&ordf; Turma do Superior Tribunal de Justi&ccedil;a (STJ).<\/p>\n<p>Segundo a defesa da TV Globo, a reportagem com as acusa&ccedil;&otilde;es do juiz s&oacute; foi publicada porque Leopoldino Amaral foi assassinado com dois tiros na cabe&ccedil;a, quatro dias ap&oacute;s conceder a entrevista &agrave; emissora. O assassinato ocorreu em 7 de setembro de 1999.<\/p>\n<p>De acordo com o STJ, esta &eacute; a segunda vez que o caso foi julgado pela 4&ordf; Turma. No primeiro julgamento, iniciado em mar&ccedil;o deste ano, n&atilde;o houve quorum e, por isso, ele teve que ser renovado. Repetindo o voto proferido no primeiro julgamento, o relator, ministro H&eacute;lio Quaglia Barbosa, reduziu o valor para R$ 250 mil, corrigidos a partir do julgamento no STJ. Com informa&ccedil;&otilde;es do site &Uacute;ltima Inst&acirc;ncia.<\/p>\n","protected":false},"excerpt":{"rendered":"<p>A TV Globo foi condenada a pagar indeniza&ccedil;&atilde;o por danos morais de R$ 250 mil ao desembargador Manuel Ornellas de Almeida, por ter exibido mat&eacute;ria em que o magistrado &eacute; acusado de vender senten&ccedil;as. A mat&eacute;ria em quest&atilde;o foi veiculada em setembro de 1999 pelo &quot;Jornal Nacional&quot;. Nela, o juiz Leopoldino Marques do Amaral denunciou &hellip; <a href=\"https:\/\/obscom.intervozes.org.br\/?p=19989\" class=\"more-link\">Continue lendo <span class=\"screen-reader-text\">Globo \u00e9 condenada a pagar R$ 250 mil de indeniza\u00e7\u00e3o a desembargador<\/span> <span class=\"meta-nav\">&rarr;<\/span><\/a><\/p>\n","protected":false},"author":1,"featured_media":0,"comment_status":"open","ping_status":"open","sticky":false,"template":"","format":"standard","meta":{"footnotes":""},"categories":[40],"tags":[112],"_links":{"self":[{"href":"https:\/\/obscom.intervozes.org.br\/index.php?rest_route=\/wp\/v2\/posts\/19989"}],"collection":[{"href":"https:\/\/obscom.intervozes.org.br\/index.php?rest_route=\/wp\/v2\/posts"}],"about":[{"href":"https:\/\/obscom.intervozes.org.br\/index.php?rest_route=\/wp\/v2\/types\/post"}],"author":[{"embeddable":true,"href":"https:\/\/obscom.intervozes.org.br\/index.php?rest_route=\/wp\/v2\/users\/1"}],"replies":[{"embeddable":true,"href":"https:\/\/obscom.intervozes.org.br\/index.php?rest_route=%2Fwp%2Fv2%2Fcomments&post=19989"}],"version-history":[{"count":0,"href":"https:\/\/obscom.intervozes.org.br\/index.php?rest_route=\/wp\/v2\/posts\/19989\/revisions"}],"wp:attachment":[{"href":"https:\/\/obscom.intervozes.org.br\/index.php?rest_route=%2Fwp%2Fv2%2Fmedia&parent=19989"}],"wp:term":[{"taxonomy":"category","embeddable":true,"href":"https:\/\/obscom.intervozes.org.br\/index.php?rest_route=%2Fwp%2Fv2%2Fcategories&post=19989"},{"taxonomy":"post_tag","embeddable":true,"href":"https:\/\/obscom.intervozes.org.br\/index.php?rest_route=%2Fwp%2Fv2%2Ftags&post=19989"}],"curies":[{"name":"wp","href":"https:\/\/api.w.org\/{rel}","templated":true}]}}