{"id":19984,"date":"2007-12-06T12:48:04","date_gmt":"2007-12-06T12:48:04","guid":{"rendered":"https:\/\/obscom.intervozes.org.br\/wordpress\/?p=19984"},"modified":"2007-12-06T12:48:04","modified_gmt":"2007-12-06T12:48:04","slug":"ministerio-da-cultura-abre-sete-editais-de-fomento-a-producao-audiovisual","status":"publish","type":"post","link":"https:\/\/obscom.intervozes.org.br\/?p=19984","title":{"rendered":"Minist\u00e9rio da Cultura abre sete editais de fomento \u00e0 produ\u00e7\u00e3o audiovisual"},"content":{"rendered":"<p>O Minist&eacute;rio da Cultura publicou sete editais de fomento &agrave; produ&ccedil;&atilde;o audiovisual. As inscri&ccedil;&otilde;es para os editais, que destinam R$ 9,8 milh&otilde;es, podem ser feitas at&eacute; o dia 29 de fevereiro de 2008. Os editais s&atilde;o para s&eacute;rie de anima&ccedil;&atilde;o para TV (dez projetos com valor de R$ 30mil); curta-metragem, infanto-juvenil (20 projetos com valor de at&eacute; R$ 60 mil); curta-metragem, g&ecirc;nero anima&ccedil;&atilde;o (dez projetos com o valor de at&eacute; R$ 60 mil); curta-metragem, projeto social (20 projetos com valor de at&eacute; R$ 30 mil); curta-metragem (20 projetos com valor de at&eacute; R$ 80 mil); roteiros cinematogr&aacute;ficos (dez projetos com valor de R$50 mil); e longa-metragem (cinco projetos com valor de at&eacute; R$ 1 milh&atilde;o).<\/p>\n<p>Mais informa&ccedil;&otilde;es est&atilde;o dispon&iacute;veis no site www.cultura.gov.br <\/p>\n","protected":false},"excerpt":{"rendered":"<p>O Minist&eacute;rio da Cultura publicou sete editais de fomento &agrave; produ&ccedil;&atilde;o audiovisual. As inscri&ccedil;&otilde;es para os editais, que destinam R$ 9,8 milh&otilde;es, podem ser feitas at&eacute; o dia 29 de fevereiro de 2008. Os editais s&atilde;o para s&eacute;rie de anima&ccedil;&atilde;o para TV (dez projetos com valor de R$ 30mil); curta-metragem, infanto-juvenil (20 projetos com valor &hellip; <a href=\"https:\/\/obscom.intervozes.org.br\/?p=19984\" class=\"more-link\">Continue lendo <span class=\"screen-reader-text\">Minist\u00e9rio da Cultura abre sete editais de fomento \u00e0 produ\u00e7\u00e3o audiovisual<\/span> <span class=\"meta-nav\">&rarr;<\/span><\/a><\/p>\n","protected":false},"author":1,"featured_media":0,"comment_status":"open","ping_status":"open","sticky":false,"template":"","format":"standard","meta":{"footnotes":""},"categories":[39],"tags":[],"_links":{"self":[{"href":"https:\/\/obscom.intervozes.org.br\/index.php?rest_route=\/wp\/v2\/posts\/19984"}],"collection":[{"href":"https:\/\/obscom.intervozes.org.br\/index.php?rest_route=\/wp\/v2\/posts"}],"about":[{"href":"https:\/\/obscom.intervozes.org.br\/index.php?rest_route=\/wp\/v2\/types\/post"}],"author":[{"embeddable":true,"href":"https:\/\/obscom.intervozes.org.br\/index.php?rest_route=\/wp\/v2\/users\/1"}],"replies":[{"embeddable":true,"href":"https:\/\/obscom.intervozes.org.br\/index.php?rest_route=%2Fwp%2Fv2%2Fcomments&post=19984"}],"version-history":[{"count":0,"href":"https:\/\/obscom.intervozes.org.br\/index.php?rest_route=\/wp\/v2\/posts\/19984\/revisions"}],"wp:attachment":[{"href":"https:\/\/obscom.intervozes.org.br\/index.php?rest_route=%2Fwp%2Fv2%2Fmedia&parent=19984"}],"wp:term":[{"taxonomy":"category","embeddable":true,"href":"https:\/\/obscom.intervozes.org.br\/index.php?rest_route=%2Fwp%2Fv2%2Fcategories&post=19984"},{"taxonomy":"post_tag","embeddable":true,"href":"https:\/\/obscom.intervozes.org.br\/index.php?rest_route=%2Fwp%2Fv2%2Ftags&post=19984"}],"curies":[{"name":"wp","href":"https:\/\/api.w.org\/{rel}","templated":true}]}}