{"id":19981,"date":"2007-12-06T12:34:51","date_gmt":"2007-12-06T12:34:51","guid":{"rendered":"https:\/\/obscom.intervozes.org.br\/wordpress\/?p=19981"},"modified":"2007-12-06T12:34:51","modified_gmt":"2007-12-06T12:34:51","slug":"bittar-fara-reuniao-previa-com-deputados-da-cctci","status":"publish","type":"post","link":"https:\/\/obscom.intervozes.org.br\/?p=19981","title":{"rendered":"Bittar far\u00e1 reuni\u00e3o pr\u00e9via com deputados da CCTCI"},"content":{"rendered":"<p>Pressionado por seus colegas de comiss&atilde;o, o deputado Jorge Bittar (PT\/RJ) acertou com o presidente da Comiss&atilde;o de Ci&ecirc;ncia e Tecnologia, Comunica&ccedil;&atilde;o e Inform&aacute;tica, J&uacute;lio Semeghini (PSDB\/SP), a realiza&ccedil;&atilde;o de uma reuni&atilde;o pr&eacute;via &agrave; apresenta&ccedil;&atilde;o de seu substitutivo sobre o PL 29\/2007. A pol&ecirc;mica em torno do projeto &#8211; que trata dos servi&ccedil;os de TV por assinatura e da veicula&ccedil;&atilde;o de conte&uacute;do audiovisual &#8211; aumentou desde sua aprova&ccedil;&atilde;o na Comiss&atilde;o de Desenvolvimento Econ&ocirc;mico, com protestos p&uacute;blicos das TVs por assinatura contra a id&eacute;ia cotas de veicula&ccedil;&atilde;o da produ&ccedil;&atilde;o nacional e uma press&atilde;o maior das empresas de telefonia celular.<\/p>\n<p>O encontro dever&aacute; ser fechado e est&aacute; agendado para a pr&oacute;xima ter&ccedil;a-feira, 11. Ele servir&aacute; para apresentar aos demais deputados quais id&eacute;ias Bittar pretende incluir em seu substitutivo. A reuni&atilde;o tem ainda a fun&ccedil;&atilde;o pol&iacute;tica de tentar acalmar os &acirc;nimos dos membros da comiss&atilde;o. Diversos deputados t&ecirc;m se queixado ao presidente Semeghini da falta de di&aacute;logo com Bittar, que estaria centralizando a reda&ccedil;&atilde;o de seu substitutivo sem discutir nem ouvir as opini&otilde;es dos demais parlamentares. Fontes do Congresso contam que o desconforto chegou a tal ponto que Bittar estaria preocupado com uma rejei&ccedil;&atilde;o em massa de sua proposta durante a vota&ccedil;&atilde;o.<\/p>\n<p>Ao mesmo tempo em que tenta apaziguar o clima na comiss&atilde;o, o deputado tem se dedicado &agrave; articula&ccedil;&atilde;o com o governo federal. Bittar esteve nesta quarta-feira, 5, na Casa Civil, onde discutiu os desdobramentos do PL 29\/2007. A conversa teria como objetivo ajustar a distribui&ccedil;&atilde;o de atribui&ccedil;&otilde;es entre Anatel e Ancine. Segundo fontes das ag&ecirc;ncias, o presidente da Ancine, Manoel Rangel, veio do Rio de Janeiro especialmente para o encontro, para o qual tamb&eacute;m foi chamado o presidente da Anatel, embaixador Ronaldo Sardenberg.<\/p>\n","protected":false},"excerpt":{"rendered":"<p>Pressionado por seus colegas de comiss&atilde;o, o deputado Jorge Bittar (PT\/RJ) acertou com o presidente da Comiss&atilde;o de Ci&ecirc;ncia e Tecnologia, Comunica&ccedil;&atilde;o e Inform&aacute;tica, J&uacute;lio Semeghini (PSDB\/SP), a realiza&ccedil;&atilde;o de uma reuni&atilde;o pr&eacute;via &agrave; apresenta&ccedil;&atilde;o de seu substitutivo sobre o PL 29\/2007. A pol&ecirc;mica em torno do projeto &#8211; que trata dos servi&ccedil;os de TV &hellip; <a href=\"https:\/\/obscom.intervozes.org.br\/?p=19981\" class=\"more-link\">Continue lendo <span class=\"screen-reader-text\">Bittar far\u00e1 reuni\u00e3o pr\u00e9via com deputados da CCTCI<\/span> <span class=\"meta-nav\">&rarr;<\/span><\/a><\/p>\n","protected":false},"author":1,"featured_media":0,"comment_status":"open","ping_status":"open","sticky":false,"template":"","format":"standard","meta":{"footnotes":""},"categories":[40],"tags":[148],"_links":{"self":[{"href":"https:\/\/obscom.intervozes.org.br\/index.php?rest_route=\/wp\/v2\/posts\/19981"}],"collection":[{"href":"https:\/\/obscom.intervozes.org.br\/index.php?rest_route=\/wp\/v2\/posts"}],"about":[{"href":"https:\/\/obscom.intervozes.org.br\/index.php?rest_route=\/wp\/v2\/types\/post"}],"author":[{"embeddable":true,"href":"https:\/\/obscom.intervozes.org.br\/index.php?rest_route=\/wp\/v2\/users\/1"}],"replies":[{"embeddable":true,"href":"https:\/\/obscom.intervozes.org.br\/index.php?rest_route=%2Fwp%2Fv2%2Fcomments&post=19981"}],"version-history":[{"count":0,"href":"https:\/\/obscom.intervozes.org.br\/index.php?rest_route=\/wp\/v2\/posts\/19981\/revisions"}],"wp:attachment":[{"href":"https:\/\/obscom.intervozes.org.br\/index.php?rest_route=%2Fwp%2Fv2%2Fmedia&parent=19981"}],"wp:term":[{"taxonomy":"category","embeddable":true,"href":"https:\/\/obscom.intervozes.org.br\/index.php?rest_route=%2Fwp%2Fv2%2Fcategories&post=19981"},{"taxonomy":"post_tag","embeddable":true,"href":"https:\/\/obscom.intervozes.org.br\/index.php?rest_route=%2Fwp%2Fv2%2Ftags&post=19981"}],"curies":[{"name":"wp","href":"https:\/\/api.w.org\/{rel}","templated":true}]}}