{"id":19980,"date":"2007-12-06T12:30:53","date_gmt":"2007-12-06T12:30:53","guid":{"rendered":"https:\/\/obscom.intervozes.org.br\/wordpress\/?p=19980"},"modified":"2007-12-06T12:30:53","modified_gmt":"2007-12-06T12:30:53","slug":"tcu-determina-suspensao-de-14-licitacoes-de-radiodifusao","status":"publish","type":"post","link":"https:\/\/obscom.intervozes.org.br\/?p=19980","title":{"rendered":"TCU determina suspens\u00e3o de 14 licita\u00e7\u00f5es de radiodifus\u00e3o"},"content":{"rendered":"<p>O Tribunal de Contas da Uni&atilde;o (TCU) determinou, nesta quarta-feira, 5, a suspens&atilde;o de 14 processos de licita&ccedil;&atilde;o para a concess&atilde;o de servi&ccedil;os de radiodifus&atilde;o de sons e imagens promovidos pelo Minist&eacute;rio das Comunica&ccedil;&otilde;es. O TCU encontrou irregularidades na publica&ccedil;&atilde;o dos editais, publicados no dia 1&ordm; de outubro deste ano, e bloqueou as licita&ccedil;&otilde;es por meio de medida cautelar. O ponto de conflito &eacute; o fato de o Minicom n&atilde;o ter encaminhado ao tribunal as propostas de edital para an&aacute;lise pr&eacute;via pela Secretaria de Fiscaliza&ccedil;&atilde;o de Desestatiza&ccedil;&atilde;o (Sefid).<\/p>\n<p>De acordo com norma do pr&oacute;prio TCU, todas as licita&ccedil;&otilde;es para a concess&atilde;o de servi&ccedil;os p&uacute;blicos deve ser avaliada previamente pelo tribunal. Pela Instru&ccedil;&atilde;o Normativa TCU 27\/98, o minist&eacute;rio deveria ter encaminhado os documentos para a Sefid 30 dias antes da publica&ccedil;&atilde;o, em um primeiro est&aacute;gio. Ap&oacute;s a publica&ccedil;&atilde;o no Di&aacute;rio Oficial, a entidade concedente tem cinco dias para se apresentar novamente ao TCU. Nenhum desses dois prazos foi cumprido, o que foi interpretado pelo ministro-relator do caso, Raimundo Carreiro, como obstru&ccedil;&atilde;o da atividade fiscalizadora do tribunal.<\/p>\n<p>Para o Minicom, a quest&atilde;o n&atilde;o passa de uma falha de interpreta&ccedil;&atilde;o. Segundo fonte ministerial, o entendimento jur&iacute;dico seria de que a radiodifus&atilde;o n&atilde;o est&aacute; inclu&iacute;da no rol de servi&ccedil;os que a Instru&ccedil;&atilde;o Normativa se refere. Isso porque a legisla&ccedil;&atilde;o que o documento do TCU regulamenta teria exclu&iacute;do a radiodifus&atilde;o claramente, segundo a fonte, desse tipo de an&aacute;lise utilizada nos demais servi&ccedil;os explorados tanto pelo poder p&uacute;blico como pela iniciativa privada. <\/p>\n<p>O Minicom tem 15 dias para apresentar os esclarecimentos da quest&atilde;o &agrave; Sefid e, at&eacute; que o tribunal decida revogar a cautelar, est&atilde;o proibidas novas licita&ccedil;&otilde;es na &aacute;rea de radiodifus&atilde;o de sons e imagens. As disputas em quest&atilde;o n&atilde;o chegaram a ser iniciadas e serviriam para a implanta&ccedil;&atilde;o de emissoras em pequenas cidades do interior do Pa&iacute;s. <\/p>\n","protected":false},"excerpt":{"rendered":"<p>O Tribunal de Contas da Uni&atilde;o (TCU) determinou, nesta quarta-feira, 5, a suspens&atilde;o de 14 processos de licita&ccedil;&atilde;o para a concess&atilde;o de servi&ccedil;os de radiodifus&atilde;o de sons e imagens promovidos pelo Minist&eacute;rio das Comunica&ccedil;&otilde;es. O TCU encontrou irregularidades na publica&ccedil;&atilde;o dos editais, publicados no dia 1&ordm; de outubro deste ano, e bloqueou as licita&ccedil;&otilde;es por &hellip; <a href=\"https:\/\/obscom.intervozes.org.br\/?p=19980\" class=\"more-link\">Continue lendo <span class=\"screen-reader-text\">TCU determina suspens\u00e3o de 14 licita\u00e7\u00f5es de radiodifus\u00e3o<\/span> <span class=\"meta-nav\">&rarr;<\/span><\/a><\/p>\n","protected":false},"author":1,"featured_media":0,"comment_status":"open","ping_status":"open","sticky":false,"template":"","format":"standard","meta":{"footnotes":""},"categories":[40],"tags":[106],"_links":{"self":[{"href":"https:\/\/obscom.intervozes.org.br\/index.php?rest_route=\/wp\/v2\/posts\/19980"}],"collection":[{"href":"https:\/\/obscom.intervozes.org.br\/index.php?rest_route=\/wp\/v2\/posts"}],"about":[{"href":"https:\/\/obscom.intervozes.org.br\/index.php?rest_route=\/wp\/v2\/types\/post"}],"author":[{"embeddable":true,"href":"https:\/\/obscom.intervozes.org.br\/index.php?rest_route=\/wp\/v2\/users\/1"}],"replies":[{"embeddable":true,"href":"https:\/\/obscom.intervozes.org.br\/index.php?rest_route=%2Fwp%2Fv2%2Fcomments&post=19980"}],"version-history":[{"count":0,"href":"https:\/\/obscom.intervozes.org.br\/index.php?rest_route=\/wp\/v2\/posts\/19980\/revisions"}],"wp:attachment":[{"href":"https:\/\/obscom.intervozes.org.br\/index.php?rest_route=%2Fwp%2Fv2%2Fmedia&parent=19980"}],"wp:term":[{"taxonomy":"category","embeddable":true,"href":"https:\/\/obscom.intervozes.org.br\/index.php?rest_route=%2Fwp%2Fv2%2Fcategories&post=19980"},{"taxonomy":"post_tag","embeddable":true,"href":"https:\/\/obscom.intervozes.org.br\/index.php?rest_route=%2Fwp%2Fv2%2Ftags&post=19980"}],"curies":[{"name":"wp","href":"https:\/\/api.w.org\/{rel}","templated":true}]}}