{"id":19977,"date":"2007-12-05T19:13:56","date_gmt":"2007-12-05T19:13:56","guid":{"rendered":"https:\/\/obscom.intervozes.org.br\/wordpress\/?p=19977"},"modified":"2007-12-05T19:13:56","modified_gmt":"2007-12-05T19:13:56","slug":"veiculacao-pela-tv-brasil-de-publicidade-da-vale-do-rio-doce-gera-polemica","status":"publish","type":"post","link":"https:\/\/obscom.intervozes.org.br\/?p=19977","title":{"rendered":"Veicula\u00e7\u00e3o pela TV Brasil de publicidade da Vale do Rio Doce gera pol\u00eamica"},"content":{"rendered":"<p>A TV Brasil inaugurou simbolicamente suas atividades no &uacute;ltimo dia 2 de dezembro, e j&aacute; come&ccedil;a a criar pol&ecirc;mica. Em desacordo com o texto da Medida Provis&oacute;ria 398\/07, a nova emissora tem veiculado campanha publicit&aacute;ria da Companhia Vale do Rio Doce, privatizada em 1997, onde a empresa anuncia a mudan&ccedil;a da sua marca para &ldquo;Vale&rdquo;. A MP restringe a veicula&ccedil;&atilde;o de publicidade institucional de empresas privadas, admitindo-a apenas a t&iacute;tulo de apoio cultural ou quando &quot;voltada a programas, eventos e projetos de utilidade p&uacute;blica, de promo&ccedil;&atilde;o da cidadania, de responsabilidade social ou ambiental&quot;.<\/p>\n<p>A presidente da Empresa Brasil de Comunica&ccedil;&atilde;o, Tereza Cruvinel, justificou a veicula&ccedil;&atilde;o da campanha da Vale afirmando que o an&uacute;ncio pode ser considerado de &ldquo;utilidade p&uacute;blica&rdquo; e at&eacute; de &ldquo;responsabilidade social&rdquo;. A assessoria de imprensa da empresa segue na mesma dire&ccedil;&atilde;o ao afirmar a publicidade na TV Brasil como um projeto de &ldquo;sustentabilidade s&oacute;cio-ambiental&rdquo; da empresa.<\/p>\n<p>Nos &uacute;ltimos meses, a Vale teve sua privatiza&ccedil;&atilde;o questionada por movimentos sociais e organiza&ccedil;&otilde;es da sociedade civil, que promoveram um plebiscito popular onde quase quatro milh&otilde;es de pessoas se posicionaram a favor da reestatiza&ccedil;&atilde;o. Na pe&ccedil;a publicit&aacute;ria, a Vale tenta afirmar sua &ldquo;brasilidade&rdquo; e import&acirc;ncia no cen&aacute;rio internacional, apesar de ser comandada por grandes grupos empresariais, inclusive estrangeiros. O valor do contrato entre a EBC e a Vale n&atilde;o foi divulgado.<\/p>\n<p>Com informa&ccedil;&otilde;es da Folha de S. Paulo.<\/p>\n","protected":false},"excerpt":{"rendered":"<p>A TV Brasil inaugurou simbolicamente suas atividades no &uacute;ltimo dia 2 de dezembro, e j&aacute; come&ccedil;a a criar pol&ecirc;mica. Em desacordo com o texto da Medida Provis&oacute;ria 398\/07, a nova emissora tem veiculado campanha publicit&aacute;ria da Companhia Vale do Rio Doce, privatizada em 1997, onde a empresa anuncia a mudan&ccedil;a da sua marca para &ldquo;Vale&rdquo;. &hellip; <a href=\"https:\/\/obscom.intervozes.org.br\/?p=19977\" class=\"more-link\">Continue lendo <span class=\"screen-reader-text\">Veicula\u00e7\u00e3o pela TV Brasil de publicidade da Vale do Rio Doce gera pol\u00eamica<\/span> <span class=\"meta-nav\">&rarr;<\/span><\/a><\/p>\n","protected":false},"author":1,"featured_media":0,"comment_status":"open","ping_status":"open","sticky":false,"template":"","format":"standard","meta":{"footnotes":""},"categories":[39],"tags":[],"_links":{"self":[{"href":"https:\/\/obscom.intervozes.org.br\/index.php?rest_route=\/wp\/v2\/posts\/19977"}],"collection":[{"href":"https:\/\/obscom.intervozes.org.br\/index.php?rest_route=\/wp\/v2\/posts"}],"about":[{"href":"https:\/\/obscom.intervozes.org.br\/index.php?rest_route=\/wp\/v2\/types\/post"}],"author":[{"embeddable":true,"href":"https:\/\/obscom.intervozes.org.br\/index.php?rest_route=\/wp\/v2\/users\/1"}],"replies":[{"embeddable":true,"href":"https:\/\/obscom.intervozes.org.br\/index.php?rest_route=%2Fwp%2Fv2%2Fcomments&post=19977"}],"version-history":[{"count":0,"href":"https:\/\/obscom.intervozes.org.br\/index.php?rest_route=\/wp\/v2\/posts\/19977\/revisions"}],"wp:attachment":[{"href":"https:\/\/obscom.intervozes.org.br\/index.php?rest_route=%2Fwp%2Fv2%2Fmedia&parent=19977"}],"wp:term":[{"taxonomy":"category","embeddable":true,"href":"https:\/\/obscom.intervozes.org.br\/index.php?rest_route=%2Fwp%2Fv2%2Fcategories&post=19977"},{"taxonomy":"post_tag","embeddable":true,"href":"https:\/\/obscom.intervozes.org.br\/index.php?rest_route=%2Fwp%2Fv2%2Ftags&post=19977"}],"curies":[{"name":"wp","href":"https:\/\/api.w.org\/{rel}","templated":true}]}}