{"id":19973,"date":"2007-12-05T14:43:05","date_gmt":"2007-12-05T14:43:05","guid":{"rendered":"https:\/\/obscom.intervozes.org.br\/wordpress\/?p=19973"},"modified":"2007-12-05T14:43:05","modified_gmt":"2007-12-05T14:43:05","slug":"democratizacao-da-comunicacao-e-pauta-do-vi-congresso-nacional-da-abraco","status":"publish","type":"post","link":"https:\/\/obscom.intervozes.org.br\/?p=19973","title":{"rendered":"Democratiza\u00e7\u00e3o da comunica\u00e7\u00e3o \u00e9 pauta do VI Congresso Nacional da Abra\u00e7o"},"content":{"rendered":"<p><span>As discuss&otilde;es em torno de uma Confer&ecirc;ncia Nacional da Comunica&ccedil;&atilde;o participativa fortalecem uma mobiliza&ccedil;&atilde;o social necess&aacute;ria para mudan&ccedil;as nas pol&iacute;ticas de comunica&ccedil;&atilde;o. Os clamores contra a tentativa do Minist&eacute;rio das Comunica&ccedil;&otilde;es em fazer um evento vertical e autorit&aacute;rio revelam como &eacute; inaceit&aacute;vel que um governo popular, democr&aacute;tico e socialista, como o do presidente Lula, continue relegando a gest&atilde;o da comunica&ccedil;&atilde;o aos setores mais retr&oacute;grados e tradicionalistas de sua composi&ccedil;&atilde;o pol&iacute;tica. Esses atores realizam, de um lado, uma pr&aacute;tica fisiologista de distribui&ccedil;&atilde;o de concess&otilde;es, principalmente, de canais educativos e, de outro, uma propaganda governamental baseada no marketing persuasivo para a conquista do receptor\/eleitor.<\/p>\n<p><\/span><span>Essa conjuntura permear&aacute; os debates do VI Congresso Nacional da Associa&ccedil;&atilde;o Brasileira de Radiodifus&atilde;o Comunit&aacute;ria (Abra&ccedil;o), nos dia 14 a 17 de dezembro em Bras&iacute;lia. Conforme o relato de Heitor Reis, militante do movimento, as r&aacute;dios comunit&aacute;rias vivem o seguinte contexto:<\/span><span>&nbsp;<\/p>\n<p><\/span><span>** Apenas 50% dos munic&iacute;pios brasileiros possuem uma r&aacute;dio comunit&aacute;ria outorgada;<\/span><span>&nbsp;<br \/><\/span><span>** 20% dos munic&iacute;pios sequer tiveram um Aviso de Habilita&ccedil;&atilde;o publicado;<\/span><span>&nbsp;<br \/><\/span><span>** A dura&ccedil;&atilde;o m&eacute;dia do processo de outorga &eacute; de mais de quatro anos, existindo processos em andamento no Minist&eacute;rio das Comunica&ccedil;&otilde;es desde 1998, sem conclus&atilde;o;<\/span><span>&nbsp;<br \/><\/span><span>** Mais de quinze mil entidades tiveram seus processos de pedido de concess&atilde;o de radiodifus&atilde;o comunit&aacute;ria arquivados;<\/span><span>&nbsp;<br \/><\/span><span>** O setor de outorga do Minist&eacute;rio das Comunica&ccedil;&otilde;es n&atilde;o cumpriu os acordos firmados diante da Organiza&ccedil;&atilde;o dos Estados Americanos (OEA) em 2005, quando se comprometeu a rever seus m&eacute;todos e encaminhamentos diante da Comiss&atilde;o de Direitos Humanos da entidade e ainda inviabilizou o di&aacute;logo e o acompanhamento dos representantes das r&aacute;dios comunit&aacute;rias aos processos de concess&atilde;o; <\/span><span>&nbsp;<br \/><\/span><span>** O &quot;coronelismo eletr&ocirc;nico&quot;, segundo pesquisa dos professores Ven&iacute;cio Lima e Cristiano Aguiar, atua fortemente em muitas emissoras comunit&aacute;rias;<\/span><span>&nbsp;<\/span> <\/p>\n<p style=\"margin: 0cm 0cm 0pt\" class=\"MsoNormal\"><span>** A repress&atilde;o contra ativistas das r&aacute;dios comunit&aacute;ria continua aliada &agrave; apreens&atilde;o de equipamento, pris&otilde;es e at&eacute; &oacute;bitos de comunicadores populares.<\/p>\n<p><\/span><span>Chega a hora de iniciar uma ruptura com essa situa&ccedil;&atilde;o tendo como suporte os movimentos sociais que clamam por um planejamento participativo nessas pol&iacute;ticas.<\/p>\n<p><\/span><span>A democratiza&ccedil;&atilde;o da comunica&ccedil;&atilde;o, pressuposto b&aacute;sico para a constru&ccedil;&atilde;o de uma sociedade justa e participativa, s&oacute; &eacute; poss&iacute;vel com suporte de uma mobiliza&ccedil;&atilde;o popular. &Eacute; necess&aacute;rio que todos os sujeitos sociais tenham meios para expressar-se, opinar e, assim, poder participar plenamente das decis&otilde;es. Essa pol&iacute;tica necessita atuar em tr&ecirc;s n&iacute;veis fundamentais: o controle p&uacute;blico das m&iacute;dias, o incentivo a meios de comunica&ccedil;&atilde;o comunit&aacute;rios e alternativos e a forma&ccedil;&atilde;o de uma audi&ecirc;ncia cr&iacute;tica.<\/p>\n<p><\/span><span><strong>Concep&ccedil;&atilde;o etnoc&ecirc;ntrica de cultura<\/p>\n<p><\/strong><\/span><span>A sociedade civil organizada precisa exercer um controle p&uacute;blico das m&iacute;dias por meio da aplica&ccedil;&atilde;o de uma legisla&ccedil;&atilde;o que impe&ccedil;a a forma&ccedil;&atilde;o de oligop&oacute;lios e deve participar das decis&otilde;es nos conselhos editoriais de cada ve&iacute;culo. N&atilde;o se pode admitir que 80% da grande m&iacute;dia brasileira esteja nas m&atilde;os de sete fam&iacute;lias que utilizam de todas as formas para burlar as restri&ccedil;&otilde;es legais. Tamb&eacute;m urge combater a produ&ccedil;&atilde;o de conte&uacute;do baseada somente nos interesses comerciais e nos acordos pol&iacute;ticos de seus propriet&aacute;rios.<\/p>\n<p><\/span><span>Uma pol&iacute;tica de incentivo a meios de comunica&ccedil;&atilde;o comunit&aacute;rios possibilita o fortalecimento dos movimentos sociais e a produ&ccedil;&atilde;o de conte&uacute;do pluralista que respeite a diversidade cultural. As r&aacute;dios e televis&otilde;es comunit&aacute;rias, jornais de associa&ccedil;&otilde;es e sindicatos, os sites de organiza&ccedil;&otilde;es n&atilde;o governamentais e os blogs de ativistas sociais s&atilde;o espa&ccedil;os fundamentais para a constru&ccedil;&atilde;o de uma pol&iacute;tica que n&atilde;o restrinja a concep&ccedil;&atilde;o etnoc&ecirc;ntrica de cultura como artefatos intelectualizados e cientificistas. A interven&ccedil;&atilde;o governamental precisa n&atilde;o somente dotar de recursos tecnol&oacute;gicos esses sujeitos sociais, como promover sua compet&ecirc;ncia t&eacute;cnica e cultural, respeitando a liberdade criativa.<\/p>\n<p><\/span><span><strong>Inclus&atilde;o social e educa&ccedil;&atilde;o<\/p>\n<p><\/strong><\/span><span>A forma&ccedil;&atilde;o de uma audi&ecirc;ncia cr&iacute;tica &eacute; imprescind&iacute;vel para o exerc&iacute;cio da cidadania. O &quot;analfabetismo&quot;, na contemporaneidade, atinge n&atilde;o somente o dom&iacute;nio da escrita, mas tamb&eacute;m a falta de prepara&ccedil;&atilde;o para a leitura cr&iacute;tica das m&iacute;dias audiovisuais e impressas. O receptor precisa ser capaz de perceber e questionar os interesses escamoteados nas not&iacute;cias, os contra-valores dos programas de entretenimento e o insustent&aacute;vel incentivo ao consumismo da publicidade.<\/p>\n<p><\/span><\/p>\n<p><span>A preocupa&ccedil;&atilde;o com a democratiza&ccedil;&atilde;o da comunica&ccedil;&atilde;o atravessa os processos de constru&ccedil;&atilde;o de uma sociedade equ&acirc;nime e democr&aacute;tica. Aliada a pol&iacute;ticas de inclus&atilde;o social, de educa&ccedil;&atilde;o emancipadora e de cultura pluralista, cria condi&ccedil;&otilde;es de tornar a utopia da justi&ccedil;a social numa realidade.<\/span><\/p>\n","protected":false},"excerpt":{"rendered":"<p>As discuss&otilde;es em torno de uma Confer&ecirc;ncia Nacional da Comunica&ccedil;&atilde;o participativa fortalecem uma mobiliza&ccedil;&atilde;o social necess&aacute;ria para mudan&ccedil;as nas pol&iacute;ticas de comunica&ccedil;&atilde;o. Os clamores contra a tentativa do Minist&eacute;rio das Comunica&ccedil;&otilde;es em fazer um evento vertical e autorit&aacute;rio revelam como &eacute; inaceit&aacute;vel que um governo popular, democr&aacute;tico e socialista, como o do presidente Lula, continue &hellip; <a href=\"https:\/\/obscom.intervozes.org.br\/?p=19973\" class=\"more-link\">Continue lendo <span class=\"screen-reader-text\">Democratiza\u00e7\u00e3o da comunica\u00e7\u00e3o \u00e9 pauta do VI Congresso Nacional da Abra\u00e7o<\/span> <span class=\"meta-nav\">&rarr;<\/span><\/a><\/p>\n","protected":false},"author":1,"featured_media":0,"comment_status":"open","ping_status":"open","sticky":false,"template":"","format":"standard","meta":{"footnotes":""},"categories":[40],"tags":[155],"_links":{"self":[{"href":"https:\/\/obscom.intervozes.org.br\/index.php?rest_route=\/wp\/v2\/posts\/19973"}],"collection":[{"href":"https:\/\/obscom.intervozes.org.br\/index.php?rest_route=\/wp\/v2\/posts"}],"about":[{"href":"https:\/\/obscom.intervozes.org.br\/index.php?rest_route=\/wp\/v2\/types\/post"}],"author":[{"embeddable":true,"href":"https:\/\/obscom.intervozes.org.br\/index.php?rest_route=\/wp\/v2\/users\/1"}],"replies":[{"embeddable":true,"href":"https:\/\/obscom.intervozes.org.br\/index.php?rest_route=%2Fwp%2Fv2%2Fcomments&post=19973"}],"version-history":[{"count":0,"href":"https:\/\/obscom.intervozes.org.br\/index.php?rest_route=\/wp\/v2\/posts\/19973\/revisions"}],"wp:attachment":[{"href":"https:\/\/obscom.intervozes.org.br\/index.php?rest_route=%2Fwp%2Fv2%2Fmedia&parent=19973"}],"wp:term":[{"taxonomy":"category","embeddable":true,"href":"https:\/\/obscom.intervozes.org.br\/index.php?rest_route=%2Fwp%2Fv2%2Fcategories&post=19973"},{"taxonomy":"post_tag","embeddable":true,"href":"https:\/\/obscom.intervozes.org.br\/index.php?rest_route=%2Fwp%2Fv2%2Ftags&post=19973"}],"curies":[{"name":"wp","href":"https:\/\/api.w.org\/{rel}","templated":true}]}}