{"id":19964,"date":"2007-12-05T12:13:24","date_gmt":"2007-12-05T12:13:24","guid":{"rendered":"https:\/\/obscom.intervozes.org.br\/wordpress\/?p=19964"},"modified":"2007-12-05T12:13:24","modified_gmt":"2007-12-05T12:13:24","slug":"negociacoes-sobre-cotas-para-conteudo-nacional-seguem-sem-bittar","status":"publish","type":"post","link":"https:\/\/obscom.intervozes.org.br\/?p=19964","title":{"rendered":"Negocia\u00e7\u00f5es sobre cotas para conte\u00fado nacional seguem sem Bittar"},"content":{"rendered":"<p>Uma grande reuni&atilde;o ocorreu nesta ter&ccedil;a-feira, 4, sobre o projeto de lei 29\/2007, mas o personagem de maior destaque no debate n&atilde;o compareceu. O deputado federal Jorge Bittar (PT\/RJ), relator da proposta que trata do mercado de TV por assinatura e do conte&uacute;do audiovisual, preferiu n&atilde;o participar do encontro, que reuniu outros importantes deputados no debate, como Jorge Bornhausen (DEM\/RS), autor do PL, e J&uacute;lio Semeghini (PSDB\/SP), presidente da Comiss&atilde;o de Ci&ecirc;ncia e Tecnologia.<\/p>\n<p>O encontro em quest&atilde;o foi com a Associa&ccedil;&atilde;o Brasileira de TV por Assinatura (ABTA), executivos de empresas do setor e representantes de canais comercializados pelas televis&otilde;es pagas. Mesmo sem a presen&ccedil;a do relator, a reuni&atilde;o foi positiva na opini&atilde;o do presidente da ABTA, Alexandre Annenberg. A associa&ccedil;&atilde;o &eacute; contr&aacute;ria ao principal objetivo de Bittar: criar cotas de conte&uacute;do nacional na produ&ccedil;&atilde;o e no empacotamento dos canais da TV paga.<\/p>\n<p>Na hip&oacute;tese do relator manter-se irredut&iacute;vel sobre esta quest&atilde;o, a ABTA tem procurado outros interlocutores dentro da C&acirc;mara dos Deputados, na tentativa de barrar a iniciativa nem que seja durante a vota&ccedil;&atilde;o do substitutivo. &quot;Ele (Bittar) tem discutido conosco e tudo o que estamos dizendo aqui hoje ele j&aacute; sabe&quot;, pondera Annenberg. Por&eacute;m, a falta de informa&ccedil;&atilde;o dos demais deputados da Comiss&atilde;o e Ci&ecirc;ncia e Tecnologia sobre a proposta de Bittar estimulou a associa&ccedil;&atilde;o a tentar abrir novos canais de negocia&ccedil;&atilde;o entre os parlamentares.<\/p>\n<p>A informa&ccedil;&atilde;o dentro da comiss&atilde;o &eacute; de que o relator ir&aacute; se afastar dos debates para poder concentrar-se no fechamento de seu relat&oacute;rio. Mesmo assim, ainda n&atilde;o h&aacute; previs&atilde;o de quando o substitutivo ser&aacute; levado a vota&ccedil;&atilde;o. Paralelamente &agrave; organiza&ccedil;&atilde;o do texto final, Bittar tem se encontrado com membros da Casa Civil para articular qual a melhor maneira de desenhar o projeto e atender &agrave;s expectativas do governo.<\/p>\n<p><strong>Campanha<\/p>\n<p><\/strong>Preocupada com o resultado do substitutivo, a ABTA iniciou hoje uma campanha para trazer a opini&atilde;o dos consumidores para a pauta da C&acirc;mara. Com o slogan &quot;Liberdade na TV hoje e sempre&quot;, a associa&ccedil;&atilde;o come&ccedil;ou a transmitir comerciais nos canais das TVs por assinatura convocando os consumidores a entrarem em contato com os deputados e protestarem contra as cotas. O presidente da ABTA n&atilde;o titubeia ao falar sobre o destino das televis&otilde;es caso a campanha n&atilde;o sensibilize o relator e sejam mantidos percentuais m&iacute;nimos para a veicula&ccedil;&atilde;o de conte&uacute;do nacional. &quot;Se isso acontecer, o &uacute;ltimo apaga a luz.&quot;<\/p>\n<p>At&eacute; &agrave;s 19h, o site criado especialmente para a campanha (www.liberdadenatv.com.br) j&aacute; havia recebido mais de 13 mil votos contra as cotas. Alguns parlamentares comentaram hoje na C&acirc;mara que receberam mais de duas dezenas de e-mails at&eacute; o in&iacute;cio da noite dentro da onda de protestos. &quot;A id&eacute;ia n&atilde;o &eacute; que a campanha seja uma arma (na negocia&ccedil;&atilde;o). Trata-se sempre de sensibilizar todos os participantes desse setor, inclusive o consumidor, abrindo um canal para que ele se manifeste&quot;, comentou Annenberg ap&oacute;s a reuni&atilde;o.<\/p>\n<p>Para al&eacute;m das cotas &#8211; &agrave;s quais as TVs pagas s&atilde;o radicalmente contra -, o principal aspecto negociado pela ABTA &eacute; a cria&ccedil;&atilde;o de um sistema de transi&ccedil;&atilde;o que suavize a mudan&ccedil;a do mercado a partir da entrada das teles. Para a associa&ccedil;&atilde;o, a falta desse cronograma pode prejudicar o neg&oacute;cio das empresas e acabaria tornando ineficientes as pr&oacute;prias metas que os parlamentares querem atingir, como o bloqueio a monop&oacute;lios no setor. &quot;Estamos sendo atropelados por propostas divorciadas desse cen&aacute;rio onde a gente quer chegar&quot;, avalia Annenberg. <\/p>\n","protected":false},"excerpt":{"rendered":"<p>Uma grande reuni&atilde;o ocorreu nesta ter&ccedil;a-feira, 4, sobre o projeto de lei 29\/2007, mas o personagem de maior destaque no debate n&atilde;o compareceu. O deputado federal Jorge Bittar (PT\/RJ), relator da proposta que trata do mercado de TV por assinatura e do conte&uacute;do audiovisual, preferiu n&atilde;o participar do encontro, que reuniu outros importantes deputados no &hellip; <a href=\"https:\/\/obscom.intervozes.org.br\/?p=19964\" class=\"more-link\">Continue lendo <span class=\"screen-reader-text\">Negocia\u00e7\u00f5es sobre cotas para conte\u00fado nacional seguem sem Bittar<\/span> <span class=\"meta-nav\">&rarr;<\/span><\/a><\/p>\n","protected":false},"author":1,"featured_media":0,"comment_status":"open","ping_status":"open","sticky":false,"template":"","format":"standard","meta":{"footnotes":""},"categories":[40],"tags":[148],"_links":{"self":[{"href":"https:\/\/obscom.intervozes.org.br\/index.php?rest_route=\/wp\/v2\/posts\/19964"}],"collection":[{"href":"https:\/\/obscom.intervozes.org.br\/index.php?rest_route=\/wp\/v2\/posts"}],"about":[{"href":"https:\/\/obscom.intervozes.org.br\/index.php?rest_route=\/wp\/v2\/types\/post"}],"author":[{"embeddable":true,"href":"https:\/\/obscom.intervozes.org.br\/index.php?rest_route=\/wp\/v2\/users\/1"}],"replies":[{"embeddable":true,"href":"https:\/\/obscom.intervozes.org.br\/index.php?rest_route=%2Fwp%2Fv2%2Fcomments&post=19964"}],"version-history":[{"count":0,"href":"https:\/\/obscom.intervozes.org.br\/index.php?rest_route=\/wp\/v2\/posts\/19964\/revisions"}],"wp:attachment":[{"href":"https:\/\/obscom.intervozes.org.br\/index.php?rest_route=%2Fwp%2Fv2%2Fmedia&parent=19964"}],"wp:term":[{"taxonomy":"category","embeddable":true,"href":"https:\/\/obscom.intervozes.org.br\/index.php?rest_route=%2Fwp%2Fv2%2Fcategories&post=19964"},{"taxonomy":"post_tag","embeddable":true,"href":"https:\/\/obscom.intervozes.org.br\/index.php?rest_route=%2Fwp%2Fv2%2Ftags&post=19964"}],"curies":[{"name":"wp","href":"https:\/\/api.w.org\/{rel}","templated":true}]}}