{"id":19963,"date":"2007-12-04T17:37:23","date_gmt":"2007-12-04T17:37:23","guid":{"rendered":"https:\/\/obscom.intervozes.org.br\/wordpress\/?p=19963"},"modified":"2007-12-04T17:37:23","modified_gmt":"2007-12-04T17:37:23","slug":"forum-nacional-discute-reforma-da-legislacao-brasileira","status":"publish","type":"post","link":"https:\/\/obscom.intervozes.org.br\/?p=19963","title":{"rendered":"F\u00f3rum Nacional discute reforma da legisla\u00e7\u00e3o brasileira"},"content":{"rendered":"<p>Ser&aacute; lan&ccedil;ado no pr&oacute;ximo dia 5 o F&oacute;rum Nacional de Direito Autoral, organizado pelo Minist&eacute;rio da Cultura &ndash; MinC e pela Funda&ccedil;&atilde;o Nacional de Arte &ndash; Funarte. O semin&aacute;rio de abertura &eacute; a primeira de uma s&eacute;rie de atividades: no pr&oacute;ximo ano, ser&atilde;o cinco semin&aacute;rios nacionais, um internacional e onze oficinas regionais e tem&aacute;ticas. Como fio condutor, as contradi&ccedil;&otilde;es do direito autoral na era digital, e a conseq&uuml;ente necessidade de reformula&ccedil;&atilde;o do marco legal brasileiro. <\/p>\n<p>&ldquo;Ainda que a lei de Direito Autoral (Lei 9.610) seja recente, de 1998, ela tem uma concep&ccedil;&atilde;o historicamente datada, que segue uma coer&ecirc;ncia anal&oacute;gica&rdquo;, afirma o advogado Guilherme Carboni, que participar&aacute; de uma das mesas do semin&aacute;rio. <\/p>\n<p>Carboni afirma que a lei precisa ser reformada como um todo, mas destaca alguns pontos cuja altera&ccedil;&atilde;o &eacute; mais urgente. Entre eles, os artigos que permitem determinadas liberdades de uso sem a necessidade de autoriza&ccedil;&atilde;o do autor. Atualmente, entre as poucas exce&ccedil;&otilde;es previstas na lei brasileira est&aacute; &ldquo;a reprodu&ccedil;&atilde;o, em um s&oacute; exemplar de pequenos trechos, para uso privado do copista, desde que feita por este, sem intuito de lucro&rdquo;, considerada bastante restritiva pelo advogado. &ldquo;As regras sobre limita&ccedil;&otilde;es s&atilde;o as mais importantes, porque &eacute; nesse ponto em que travam os temas de interesse p&uacute;blico e privado&rdquo;, completa Carboni. <\/p>\n<p>&ldquo;Com o F&oacute;rum, queremos mobilizar a opini&atilde;o publica e obter um amplo apoio da sociedade civil e dos segmentos envolvidos diretamente com a quest&atilde;o do direito autoral, no sentido de propor uma revis&atilde;o do papel do Estado nessa &aacute;rea&rdquo;, afirma Marcos Alves de Souza, da Coordena&ccedil;&atilde;o-Geral de Direito Autoral do MinC. &ldquo;Estamos buscando alternativas dentro do marco legal internacional para a implanta&ccedil;&atilde;o de um sistema equilibrado de rela&ccedil;&atilde;o entre os titulares de direitos e o cidad&atilde;o&rdquo;. <\/p>\n<p><strong>Foros internacionais<\/strong> <\/p>\n<p>O Brasil &eacute; respons&aacute;vel &ndash; junto &agrave; Argentina &ndash; pelo projeto que deu origem &agrave; Agenda do Desenvolvimento, aprovada em 28 de setembro pela Organiza&ccedil;&atilde;o Mundial da Propriedade Intelectual &ndash; Ompi. As propostas, que disp&otilde;em sobre a reforma das normas da Ompi, enfatizam a necessidade de facilitar o acesso dos pa&iacute;ses menos desenvolvidos ao conhecimento e &agrave; tecnologia. <\/p>\n<p>&ldquo;Hoje, nossa margem de manobra &eacute; baix&iacute;ssima&rdquo;, reconhece Souza, aludindo aos tratados internacionais que imp&otilde;em limita&ccedil;&otilde;es &agrave; reforma da lei brasileira. &ldquo;As propostas de altera&ccedil;&atilde;o legislativa t&ecirc;m que estar dentro dos marcos dos tratados internacionais, e o Brasil n&atilde;o pode viol&aacute;-los. Pode-se dizer, desse modo, que uma reforma acaba sendo limitada&rdquo;, concorda Carboni. <\/p>\n<p>Nesse sentido, o advogado acredita que &eacute; fundamental avan&ccedil;ar nos foros internacionais e elogia a atua&ccedil;&atilde;o na Ompi. &ldquo;O Brasil assumiu um papel de negociador dos direitos intelectuais e isso &eacute; extremamente positivo, porque n&atilde;o ficou s&oacute; em ret&oacute;rica&rdquo;, afirma. <\/p>\n<p><strong>Apreens&atilde;o<\/strong> <\/p>\n<p>Paralelamente &agrave; agita&ccedil;&atilde;o do F&oacute;rum, setores envolvidos com a democratiza&ccedil;&atilde;o da cultura observam com apreens&atilde;o a sa&iacute;da de Gilberto Gil do Minist&eacute;rio da Cultura no pr&oacute;ximo ano. Tha&iacute;s Carran&ccedil;a, pesquisadora do Grupo de Pesquisa em Pol&iacute;ticas para o Acesso a Informa&ccedil;&atilde;o da USP&nbsp;(G-Popai), &eacute; taxativa: &ldquo;&eacute; preciso se articular e pressionar para que uma mudan&ccedil;a na legisla&ccedil;&atilde;o de direito autoral aconte&ccedil;a enquanto Gil ainda estiver no cargo, sob o risco de a mudan&ccedil;a n&atilde;o sair, ou sair contr&aacute;ria ao interesse p&uacute;blico de acesso &agrave; informa&ccedil;&atilde;o&rdquo;. <\/p>\n<p>Isso porque, apesar de o debate ter se ampliado no pa&iacute;s &ndash; com a cria&ccedil;&atilde;o de grupos de estudo, do portal Dom&iacute;nio P&uacute;blico, o desenvolvimento de softwares livres e a populariza&ccedil;&atilde;o das licen&ccedil;as Creative Commons &ndash;, ainda n&atilde;o h&aacute; uma pol&iacute;tica consolidada para a quest&atilde;o do direito autoral. <\/p>\n<p>&ldquo;O Brasil &eacute; sempre apontado como um dos pa&iacute;ses pioneiros e o MinC vem tomando posi&ccedil;&otilde;es bastante interessantes e avan&ccedil;adas. Mas s&atilde;o apenas posi&ccedil;&otilde;es e declara&ccedil;&otilde;es de inten&ccedil;&otilde;es, e n&atilde;o uma pol&iacute;tica de governo que envolva todos os minist&eacute;rios&rdquo;, analisa Carboni. Decorre da&iacute; algumas contradi&ccedil;&otilde;es interministeriais: de um lado, as declara&ccedil;&otilde;es progressistas do MinC e, de outro, a exist&ecirc;ncia de um Conselho Nacional de Combate &agrave; Pirataria, orientado sob a &oacute;tica repressiva. <\/p>\n<p>Marcos Alves de Souza, por sua vez, descarta a possibilidade de descontinuidade. &ldquo;O fato &eacute; que o bloco est&aacute; na rua, ou seja, independente de quem entre, a quest&atilde;o est&aacute; lan&ccedil;ada. A pol&iacute;tica de direito autoral &eacute; uma pol&iacute;tica de governo e de Estado&rdquo;, afirma. <\/p>\n","protected":false},"excerpt":{"rendered":"<p>Semin\u00e1rio de lan\u00e7amento da iniciativa tem como foco a discuss\u00e3o sobre as contradi\u00e7\u00f5es da regula\u00e7\u00e3o atual e pretende apontar princ\u00edpios para a reformula\u00e7\u00e3o do marco legal brasileiro sobre o direito autoral.<\/p>\n","protected":false},"author":1,"featured_media":0,"comment_status":"open","ping_status":"open","sticky":false,"template":"","format":"standard","meta":{"footnotes":""},"categories":[40],"tags":[141],"_links":{"self":[{"href":"https:\/\/obscom.intervozes.org.br\/index.php?rest_route=\/wp\/v2\/posts\/19963"}],"collection":[{"href":"https:\/\/obscom.intervozes.org.br\/index.php?rest_route=\/wp\/v2\/posts"}],"about":[{"href":"https:\/\/obscom.intervozes.org.br\/index.php?rest_route=\/wp\/v2\/types\/post"}],"author":[{"embeddable":true,"href":"https:\/\/obscom.intervozes.org.br\/index.php?rest_route=\/wp\/v2\/users\/1"}],"replies":[{"embeddable":true,"href":"https:\/\/obscom.intervozes.org.br\/index.php?rest_route=%2Fwp%2Fv2%2Fcomments&post=19963"}],"version-history":[{"count":0,"href":"https:\/\/obscom.intervozes.org.br\/index.php?rest_route=\/wp\/v2\/posts\/19963\/revisions"}],"wp:attachment":[{"href":"https:\/\/obscom.intervozes.org.br\/index.php?rest_route=%2Fwp%2Fv2%2Fmedia&parent=19963"}],"wp:term":[{"taxonomy":"category","embeddable":true,"href":"https:\/\/obscom.intervozes.org.br\/index.php?rest_route=%2Fwp%2Fv2%2Fcategories&post=19963"},{"taxonomy":"post_tag","embeddable":true,"href":"https:\/\/obscom.intervozes.org.br\/index.php?rest_route=%2Fwp%2Fv2%2Ftags&post=19963"}],"curies":[{"name":"wp","href":"https:\/\/api.w.org\/{rel}","templated":true}]}}