{"id":19958,"date":"2007-12-04T13:06:30","date_gmt":"2007-12-04T13:06:30","guid":{"rendered":"https:\/\/obscom.intervozes.org.br\/wordpress\/?p=19958"},"modified":"2007-12-04T13:06:30","modified_gmt":"2007-12-04T13:06:30","slug":"relatora-apresenta-parecer-sobre-concessoes-de-radio-e-tv-em-comissao-da-camara","status":"publish","type":"post","link":"https:\/\/obscom.intervozes.org.br\/?p=19958","title":{"rendered":"Relatora apresenta parecer sobre concess\u00f5es de r\u00e1dio e TV em comiss\u00e3o da C\u00e2mara"},"content":{"rendered":"<p>A deputada Maria do Carmo Lara (PT-MG) apresenta nesta ter&ccedil;a-feira (4) &agrave; Subcomiss&atilde;o de Outorgas e Concess&otilde;es de Radiodifus&atilde;o seu relat&oacute;rio sobre mudan&ccedil;as no Ato Normativo 1\/99, utilizado na comiss&atilde;o em processos de outorga e renova&ccedil;&atilde;o de concess&atilde;o de r&aacute;dio e TV. A apresenta&ccedil;&atilde;o do parecer estava marcada para a semana passada, mas foi adiada.<\/p>\n<p>A reuni&atilde;o ser&aacute; realizada &agrave;s 14 horas, na presid&ecirc;ncia da Comiss&atilde;o de Ci&ecirc;ncia e Tecnologia (sala T49, ala A, anexo 2).<\/p>\n","protected":false},"excerpt":{"rendered":"<p>A deputada Maria do Carmo Lara (PT-MG) apresenta nesta ter&ccedil;a-feira (4) &agrave; Subcomiss&atilde;o de Outorgas e Concess&otilde;es de Radiodifus&atilde;o seu relat&oacute;rio sobre mudan&ccedil;as no Ato Normativo 1\/99, utilizado na comiss&atilde;o em processos de outorga e renova&ccedil;&atilde;o de concess&atilde;o de r&aacute;dio e TV. A apresenta&ccedil;&atilde;o do parecer estava marcada para a semana passada, mas foi adiada. &hellip; <a href=\"https:\/\/obscom.intervozes.org.br\/?p=19958\" class=\"more-link\">Continue lendo <span class=\"screen-reader-text\">Relatora apresenta parecer sobre concess\u00f5es de r\u00e1dio e TV em comiss\u00e3o da C\u00e2mara<\/span> <span class=\"meta-nav\">&rarr;<\/span><\/a><\/p>\n","protected":false},"author":1,"featured_media":0,"comment_status":"open","ping_status":"open","sticky":false,"template":"","format":"standard","meta":{"footnotes":""},"categories":[39],"tags":[],"_links":{"self":[{"href":"https:\/\/obscom.intervozes.org.br\/index.php?rest_route=\/wp\/v2\/posts\/19958"}],"collection":[{"href":"https:\/\/obscom.intervozes.org.br\/index.php?rest_route=\/wp\/v2\/posts"}],"about":[{"href":"https:\/\/obscom.intervozes.org.br\/index.php?rest_route=\/wp\/v2\/types\/post"}],"author":[{"embeddable":true,"href":"https:\/\/obscom.intervozes.org.br\/index.php?rest_route=\/wp\/v2\/users\/1"}],"replies":[{"embeddable":true,"href":"https:\/\/obscom.intervozes.org.br\/index.php?rest_route=%2Fwp%2Fv2%2Fcomments&post=19958"}],"version-history":[{"count":0,"href":"https:\/\/obscom.intervozes.org.br\/index.php?rest_route=\/wp\/v2\/posts\/19958\/revisions"}],"wp:attachment":[{"href":"https:\/\/obscom.intervozes.org.br\/index.php?rest_route=%2Fwp%2Fv2%2Fmedia&parent=19958"}],"wp:term":[{"taxonomy":"category","embeddable":true,"href":"https:\/\/obscom.intervozes.org.br\/index.php?rest_route=%2Fwp%2Fv2%2Fcategories&post=19958"},{"taxonomy":"post_tag","embeddable":true,"href":"https:\/\/obscom.intervozes.org.br\/index.php?rest_route=%2Fwp%2Fv2%2Ftags&post=19958"}],"curies":[{"name":"wp","href":"https:\/\/api.w.org\/{rel}","templated":true}]}}