{"id":19950,"date":"2007-12-04T11:31:29","date_gmt":"2007-12-04T11:31:29","guid":{"rendered":"https:\/\/obscom.intervozes.org.br\/wordpress\/?p=19950"},"modified":"2007-12-04T11:31:29","modified_gmt":"2007-12-04T11:31:29","slug":"associacao-brasileira-de-tv-por-assinatura-lanca-campanha-contra-cotas-na-tv-paga","status":"publish","type":"post","link":"https:\/\/obscom.intervozes.org.br\/?p=19950","title":{"rendered":"Associa\u00e7\u00e3o Brasileira de TV por Assinatura lan\u00e7a campanha contra cotas na TV paga"},"content":{"rendered":"<p>A ABTA come&ccedil;a nos pr&oacute;ximos dias uma campanha de televis&atilde;o contra as cotas de conte&uacute;do que est&atilde;o sendo propostas no PL 29\/2007, em tramita&ccedil;&atilde;o na C&acirc;mara. O foco da associa&ccedil;&atilde;o, que representa operadores e programadores de TV paga, &eacute; a cota de 50% de conte&uacute;do nacional no empacotamento, proposta no substitutivo que saiu da Comiss&atilde;o de Desenvolvimento Econ&ocirc;mico. Mais cotas, ou cotas mais detalhadas, devem vir no substitutivo de Jorge Bittar (PT\/RJ), na Comiss&atilde;o de Comunica&ccedil;&atilde;o, segundo o pr&oacute;prio deputado. <\/p>\n<p>O v&iacute;deo produzido pela associa&ccedil;&atilde;o ser&aacute; veiculado nos canais associados, e falar&aacute; diretamente ao assinante, com o tom &quot;est&atilde;o querendo dizer o que voc&ecirc; vai assistir&quot; e alertando para o risco de aumento de pre&ccedil;os. A ABTA n&atilde;o entra no m&eacute;rito da quest&atilde;o da entrada das teles no setor de TV por assinatura nem discute, nessa campanha, a necessidade de regras de transi&ccedil;&atilde;o para a mudan&ccedil;a de cen&aacute;rio normativo.<br \/>A ABTA ter&aacute; ainda encontros com o deputado Jorge Bittar para discutir suas posi&ccedil;&otilde;es em rela&ccedil;&atilde;o ao PL 29, mas &eacute; praticamente certo que o deputado incluir&aacute; obriga&ccedil;&otilde;es de cotas aos operadores do mercado de TV paga. <\/p>\n<p>As informa&ccedil;&otilde;es s&atilde;o da TELA VIVA News.<\/p>\n","protected":false},"excerpt":{"rendered":"<p>A ABTA come&ccedil;a nos pr&oacute;ximos dias uma campanha de televis&atilde;o contra as cotas de conte&uacute;do que est&atilde;o sendo propostas no PL 29\/2007, em tramita&ccedil;&atilde;o na C&acirc;mara. O foco da associa&ccedil;&atilde;o, que representa operadores e programadores de TV paga, &eacute; a cota de 50% de conte&uacute;do nacional no empacotamento, proposta no substitutivo que saiu da Comiss&atilde;o &hellip; <a href=\"https:\/\/obscom.intervozes.org.br\/?p=19950\" class=\"more-link\">Continue lendo <span class=\"screen-reader-text\">Associa\u00e7\u00e3o Brasileira de TV por Assinatura lan\u00e7a campanha contra cotas na TV paga<\/span> <span class=\"meta-nav\">&rarr;<\/span><\/a><\/p>\n","protected":false},"author":1,"featured_media":0,"comment_status":"open","ping_status":"open","sticky":false,"template":"","format":"standard","meta":{"footnotes":""},"categories":[39],"tags":[],"_links":{"self":[{"href":"https:\/\/obscom.intervozes.org.br\/index.php?rest_route=\/wp\/v2\/posts\/19950"}],"collection":[{"href":"https:\/\/obscom.intervozes.org.br\/index.php?rest_route=\/wp\/v2\/posts"}],"about":[{"href":"https:\/\/obscom.intervozes.org.br\/index.php?rest_route=\/wp\/v2\/types\/post"}],"author":[{"embeddable":true,"href":"https:\/\/obscom.intervozes.org.br\/index.php?rest_route=\/wp\/v2\/users\/1"}],"replies":[{"embeddable":true,"href":"https:\/\/obscom.intervozes.org.br\/index.php?rest_route=%2Fwp%2Fv2%2Fcomments&post=19950"}],"version-history":[{"count":0,"href":"https:\/\/obscom.intervozes.org.br\/index.php?rest_route=\/wp\/v2\/posts\/19950\/revisions"}],"wp:attachment":[{"href":"https:\/\/obscom.intervozes.org.br\/index.php?rest_route=%2Fwp%2Fv2%2Fmedia&parent=19950"}],"wp:term":[{"taxonomy":"category","embeddable":true,"href":"https:\/\/obscom.intervozes.org.br\/index.php?rest_route=%2Fwp%2Fv2%2Fcategories&post=19950"},{"taxonomy":"post_tag","embeddable":true,"href":"https:\/\/obscom.intervozes.org.br\/index.php?rest_route=%2Fwp%2Fv2%2Ftags&post=19950"}],"curies":[{"name":"wp","href":"https:\/\/api.w.org\/{rel}","templated":true}]}}