{"id":19949,"date":"2007-12-03T19:14:09","date_gmt":"2007-12-03T19:14:09","guid":{"rendered":"https:\/\/obscom.intervozes.org.br\/wordpress\/?p=19949"},"modified":"2014-09-07T02:54:41","modified_gmt":"2014-09-07T02:54:41","slug":"stf-determina-devolucao-de-equipamentos-de-radio-comunitaria","status":"publish","type":"post","link":"https:\/\/obscom.intervozes.org.br\/?p=19949","title":{"rendered":"STF determina devolu\u00e7\u00e3o de equipamentos de r\u00e1dio comunit\u00e1ria"},"content":{"rendered":"<p style=\"margin: 0cm 0cm 0pt\" class=\"MsoNormal\"><span>A Associa&ccedil;&atilde;o de R&aacute;dio Comunit&aacute;ria Ouro Verde, do munic&iacute;pio de Sapezal (MT) obteve no &uacute;ltimo dia 14 deste m&ecirc;s uma importante vit&oacute;ria na Justi&ccedil;a. Na ocasi&atilde;o, o Supremo Tribunal Federal (STF) confirmou a decis&atilde;o da ADIn 1668\/97 (A&ccedil;&atilde;o Direta de Inconstitucionalidade) que limita os poderes da Anatel &#8211; <\/span><span>Ag&ecirc;ncia Nacional de Telecomunica&ccedil;&otilde;es <\/span><span>e <a href=\"http:\/\/localhost\/intervozes_direitoacomunicacao\/wordpress\/?p=18224\">deferiu uma liminar<\/a> que determinou a libera&ccedil;&atilde;o dos bens da r&aacute;dio apreendidos pela ag&ecirc;ncia em agosto deste ano.<\/p>\n<p><\/span><span>&ldquo;Os equipamentos chegaram de volta esta semana&rdquo;, explica Leomar Mees, diretor da associa&ccedil;&atilde;o. &ldquo;Mas estamos com eles parados, pois avaliamos que poder&iacute;amos colocar em jogo o direito &agrave; informa&ccedil;&atilde;o da nossa comunidade se coloc&aacute;ssemos para funcionar novamente sem a autoriza&ccedil;&atilde;o do Minist&eacute;rio das Comunica&ccedil;&otilde;es&rdquo;, diz. Segundo ele, a associa&ccedil;&atilde;o estuda a possibilidade de obter o funcionamento via outra liminar judicial. &ldquo;A burocracia &eacute; enorme. Esperamos h&aacute; anos pela autoriza&ccedil;&atilde;o de funcionamento e ficamos ref&eacute;ns da morosidade do Minist&eacute;rio. Mas somos uma r&aacute;dio efetivamente comunit&aacute;ria, atendemos todos os requisitos e temos uma programa&ccedil;&atilde;o de interesse p&uacute;blico. N&atilde;o tem porque n&atilde;o funcionar&rdquo;, avalia Mees.<\/p>\n<p><\/span><span>Bruno Jos&eacute; Ricci Boaventura, advogado da associa&ccedil;&atilde;o respons&aacute;vel pelo caso, explica que a Anatel apreendeu os equipamentos sem ordem judicial, e a r&aacute;dio impetrou um mandado de seguran&ccedil;a, cuja liminar foi indeferida. &ldquo;Esta decis&atilde;o &eacute; contra o que foi decidido pelo STF na ADIn 1668, de 1997, que afirma que os agentes da Anatel, Pol&iacute;cia Federal e Uni&atilde;o n&atilde;o podem, sem mandado judicial, apreender os equipamentos radiof&ocirc;nicos de uma emissora comunit&aacute;ria&rdquo;. Na pr&aacute;tica, a ADIn reafirma que a Anatel &eacute; um &oacute;rg&atilde;o regulador e n&atilde;o tem poder de pol&iacute;cia.<\/p>\n<p><\/span><span>Foi justamente sob esse argumento que a r&aacute;dio conseguiu uma liminar que liberou seus equipamentos. <\/span><span>Segundo&nbsp; Boaventura, entretanto, a liminar n&atilde;o tem efeito vinculante oficial, porque se trata de uma decis&atilde;o em rela&ccedil;&atilde;o a um caso concreto, mas &ldquo;tem um efeito vinculante simb&oacute;lico&rdquo;. &ldquo;As r&aacute;dios precisam procurar se regularizar, mesmo que o processo seja moroso, dif&iacute;cil e burocratico. Mas aquelas que funcionam sem regulariza&ccedil;&atilde;o e que forem v&iacute;timas de atitudes como esta da Anatel j&aacute; t&ecirc;m casos em que podem se espelhar para ter seus equipamentos de volta e fazer valer seus direitos&rdquo;, diz o advogado. &ldquo;Esta vit&oacute;ria, portanto, abre para as r&aacute;dios uma nova frente de batalha&rdquo;, afirma Leomar Mees. <\/p>\n<p><\/span><span><strong>Casos emblem&aacute;ticos<\/p>\n<p><\/strong><\/span><span>Um outro caso emblem&aacute;tico aconteceu recentemente na capital paranaense. A Associa&ccedil;&atilde;o Comunit&aacute;ria do Jardim Esperan&ccedil;a, que fica na zona sul de Curitiba, mantinha uma r&aacute;dio, que foi multada e teve seus equipamentos apreendidos numa a&ccedil;&atilde;o da Anatel em 2005. Durante o mesmo per&iacute;odo, a emissora pleiteava a autoriza&ccedil;&atilde;o de funcionamento junto ao Minist&eacute;rio das Comunica&ccedil;&otilde;es.<\/p>\n<p><\/span><span>A r&aacute;dio, alicer&ccedil;ada em outras entidades de seu entorno, recorreu ao Judici&aacute;rio requerendo a retirada do lacre da Anatel e a autoriza&ccedil;&atilde;o de funcionamento, por conta da demora injustificada do Minist&eacute;rio das Comunica&ccedil;&otilde;es em autorizar definitivamente seu funcionamento. <\/p>\n<p><\/span><span>Os pedidos foram negados, e a Associa&ccedil;&atilde;o de Moradores recorreu ao Tribunal Regional Federal, que manteve a senten&ccedil;a e tamb&eacute;m negou os pedidos da Associa&ccedil;&atilde;o, contrariando as decis&otilde;es do Superior Tribunal de Justi&ccedil;a e do Supremo Tribunal Federal, que j&aacute; haviam emitido senten&ccedil;as que permitiam que as r&aacute;dios funcionassem enquanto o Minist&eacute;rio estivesse avaliando o pedido de regulariza&ccedil;&atilde;o.<\/p>\n<p><\/span><span>Al&eacute;m da apreens&atilde;o dos equipamentos e da multa, o presidente da Associa&ccedil;&atilde;o Comunit&aacute;ria do Jardim Esperan&ccedil;a, Ronny Roque da Silva, foi indiciado por crimes contra as telecomunica&ccedil;&otilde;es. Foi quando o Minist&eacute;rio P&uacute;blico Federal foi acionado e obteve o arquivamento do inqu&eacute;rito contra o l&iacute;der comunit&aacute;rio e a devolu&ccedil;&atilde;o do aparelho transmissor apreendido.&nbsp; <\/span><\/p>\n","protected":false},"excerpt":{"rendered":"<p>A Associa&ccedil;&atilde;o de R&aacute;dio Comunit&aacute;ria Ouro Verde, do munic&iacute;pio de Sapezal (MT) obteve no &uacute;ltimo dia 14 deste m&ecirc;s uma importante vit&oacute;ria na Justi&ccedil;a. Na ocasi&atilde;o, o Supremo Tribunal Federal (STF) confirmou a decis&atilde;o da ADIn 1668\/97 (A&ccedil;&atilde;o Direta de Inconstitucionalidade) que limita os poderes da Anatel &#8211; Ag&ecirc;ncia Nacional de Telecomunica&ccedil;&otilde;es e deferiu uma &hellip; <a href=\"https:\/\/obscom.intervozes.org.br\/?p=19949\" class=\"more-link\">Continue lendo <span class=\"screen-reader-text\">STF determina devolu\u00e7\u00e3o de equipamentos de r\u00e1dio comunit\u00e1ria<\/span> <span class=\"meta-nav\">&rarr;<\/span><\/a><\/p>\n","protected":false},"author":1,"featured_media":0,"comment_status":"open","ping_status":"open","sticky":false,"template":"","format":"standard","meta":{"footnotes":""},"categories":[40],"tags":[152],"_links":{"self":[{"href":"https:\/\/obscom.intervozes.org.br\/index.php?rest_route=\/wp\/v2\/posts\/19949"}],"collection":[{"href":"https:\/\/obscom.intervozes.org.br\/index.php?rest_route=\/wp\/v2\/posts"}],"about":[{"href":"https:\/\/obscom.intervozes.org.br\/index.php?rest_route=\/wp\/v2\/types\/post"}],"author":[{"embeddable":true,"href":"https:\/\/obscom.intervozes.org.br\/index.php?rest_route=\/wp\/v2\/users\/1"}],"replies":[{"embeddable":true,"href":"https:\/\/obscom.intervozes.org.br\/index.php?rest_route=%2Fwp%2Fv2%2Fcomments&post=19949"}],"version-history":[{"count":1,"href":"https:\/\/obscom.intervozes.org.br\/index.php?rest_route=\/wp\/v2\/posts\/19949\/revisions"}],"predecessor-version":[{"id":27796,"href":"https:\/\/obscom.intervozes.org.br\/index.php?rest_route=\/wp\/v2\/posts\/19949\/revisions\/27796"}],"wp:attachment":[{"href":"https:\/\/obscom.intervozes.org.br\/index.php?rest_route=%2Fwp%2Fv2%2Fmedia&parent=19949"}],"wp:term":[{"taxonomy":"category","embeddable":true,"href":"https:\/\/obscom.intervozes.org.br\/index.php?rest_route=%2Fwp%2Fv2%2Fcategories&post=19949"},{"taxonomy":"post_tag","embeddable":true,"href":"https:\/\/obscom.intervozes.org.br\/index.php?rest_route=%2Fwp%2Fv2%2Ftags&post=19949"}],"curies":[{"name":"wp","href":"https:\/\/api.w.org\/{rel}","templated":true}]}}