{"id":19942,"date":"2007-12-03T15:16:36","date_gmt":"2007-12-03T15:16:36","guid":{"rendered":"https:\/\/obscom.intervozes.org.br\/wordpress\/?p=19942"},"modified":"2007-12-03T15:16:36","modified_gmt":"2007-12-03T15:16:36","slug":"bndes-destinara-r-1-bilhao-a-programa-de-apoio-a-tv-digital-afirma-lula","status":"publish","type":"post","link":"https:\/\/obscom.intervozes.org.br\/?p=19942","title":{"rendered":"BNDES destinar\u00e1 R$ 1 bilh\u00e3o a programa de apoio \u00e0 TV digital, afirma Lula"},"content":{"rendered":"<p>S&atilde;o Paulo &#8211; O Banco Nacional de Desenvolvimento Econ&ocirc;mico e Social (BNDES) vai desenvolver um programa de incentivo &agrave; implanta&ccedil;&atilde;o da TV digital no Brasil no valor de R$ 1 bilh&atilde;o, anunciou hoje (2) o presidente Luiz In&aacute;cio Lula da Silva durante a cerim&ocirc;nia que marcou o in&iacute;cio das transmiss&otilde;es no pa&iacute;s. Para o presidente, o modelo brasileiro &eacute; o &#39;melhor sistema de TV digital do mundo&#39;.<\/p>\n<p>&#39;Ele [ o BNDES ] ir&aacute; dar apoio &agrave; rede varejista para baratear a venda do conversor que permite a recep&ccedil;&atilde;o do canal digital pelos atuais televisores anal&oacute;gicos&#39;, disse o presidente. Segundo Lula, a medida vai gerar aumento da produ&ccedil;&atilde;o nacional, barateando o pre&ccedil;o dos conversores. <\/p>\n<p>No discurso, o presidente disse que, em pouco tempo, todos brasileiros ter&atilde;o acesso ao novo sistema, que vai permitir &#39;um grande salto tecnol&oacute;gico, econ&ocirc;mico, social e cultural do Brasil&#39;. <\/p>\n<p>&#39;A TV ficar&aacute; mais pr&oacute;xima do telespectador, oferecendo qualidade superior de imagem, maior n&uacute;mero de canais, intera&ccedil;&atilde;o do p&uacute;blico com a programa&ccedil;&atilde;o e transmiss&atilde;o perfeita&#39;, disse.<\/p>\n<p>Segundo Lula, a TV digital tamb&eacute;m vai estimular a ind&uacute;stria, &#39;gerando emprego, renda e oportunidade&#39;, e vai proporcionar &#39;um aumento extraordin&aacute;rio nos espa&ccedil;os de difus&atilde;o da cultura brasileira e na veicula&ccedil;&atilde;o de informa&ccedil;&atilde;o&#39;. <\/p>\n<p>A era digital representa um passo &agrave; frente nessa caminhada e suas inova&ccedil;&otilde;es podem fortalecer ainda mais a voca&ccedil;&atilde;o integradora daTV&#39;, disse o presidente, ressaltando que a TV digital vai preservar as caracter&iacute;sticas do sistema anal&oacute;gico de ter um sinal aberto e ser gratuita. <\/p>\n","protected":false},"excerpt":{"rendered":"<p>S&atilde;o Paulo &#8211; O Banco Nacional de Desenvolvimento Econ&ocirc;mico e Social (BNDES) vai desenvolver um programa de incentivo &agrave; implanta&ccedil;&atilde;o da TV digital no Brasil no valor de R$ 1 bilh&atilde;o, anunciou hoje (2) o presidente Luiz In&aacute;cio Lula da Silva durante a cerim&ocirc;nia que marcou o in&iacute;cio das transmiss&otilde;es no pa&iacute;s. Para o presidente, &hellip; <a href=\"https:\/\/obscom.intervozes.org.br\/?p=19942\" class=\"more-link\">Continue lendo <span class=\"screen-reader-text\">BNDES destinar\u00e1 R$ 1 bilh\u00e3o a programa de apoio \u00e0 TV digital, afirma Lula<\/span> <span class=\"meta-nav\">&rarr;<\/span><\/a><\/p>\n","protected":false},"author":1,"featured_media":0,"comment_status":"open","ping_status":"open","sticky":false,"template":"","format":"standard","meta":{"footnotes":""},"categories":[40],"tags":[79],"_links":{"self":[{"href":"https:\/\/obscom.intervozes.org.br\/index.php?rest_route=\/wp\/v2\/posts\/19942"}],"collection":[{"href":"https:\/\/obscom.intervozes.org.br\/index.php?rest_route=\/wp\/v2\/posts"}],"about":[{"href":"https:\/\/obscom.intervozes.org.br\/index.php?rest_route=\/wp\/v2\/types\/post"}],"author":[{"embeddable":true,"href":"https:\/\/obscom.intervozes.org.br\/index.php?rest_route=\/wp\/v2\/users\/1"}],"replies":[{"embeddable":true,"href":"https:\/\/obscom.intervozes.org.br\/index.php?rest_route=%2Fwp%2Fv2%2Fcomments&post=19942"}],"version-history":[{"count":0,"href":"https:\/\/obscom.intervozes.org.br\/index.php?rest_route=\/wp\/v2\/posts\/19942\/revisions"}],"wp:attachment":[{"href":"https:\/\/obscom.intervozes.org.br\/index.php?rest_route=%2Fwp%2Fv2%2Fmedia&parent=19942"}],"wp:term":[{"taxonomy":"category","embeddable":true,"href":"https:\/\/obscom.intervozes.org.br\/index.php?rest_route=%2Fwp%2Fv2%2Fcategories&post=19942"},{"taxonomy":"post_tag","embeddable":true,"href":"https:\/\/obscom.intervozes.org.br\/index.php?rest_route=%2Fwp%2Fv2%2Ftags&post=19942"}],"curies":[{"name":"wp","href":"https:\/\/api.w.org\/{rel}","templated":true}]}}