{"id":19940,"date":"2007-12-03T15:11:55","date_gmt":"2007-12-03T15:11:55","guid":{"rendered":"https:\/\/obscom.intervozes.org.br\/wordpress\/?p=19940"},"modified":"2007-12-03T15:11:55","modified_gmt":"2007-12-03T15:11:55","slug":"anatel-outorga-frequencia-do-smp-antes-do-leilao-da-3g","status":"publish","type":"post","link":"https:\/\/obscom.intervozes.org.br\/?p=19940","title":{"rendered":"Anatel outorga freq\u00fc\u00eancia do SMP antes do leil\u00e3o da 3G"},"content":{"rendered":"<p>O conselho diretor da Anatel decidiu que vai outorgar as freq&uuml;&ecirc;ncias adquiridas no leil&atilde;o das sobras do SMP que n&atilde;o est&atilde;o sendo questionadas antes da venda das freq&uuml;&ecirc;ncias de terceira gera&ccedil;&atilde;o da telefonia m&oacute;vel, marcado para o dia 18 de dezembro, mas cujas as entregas de propostas dever&atilde;o ser feitas no pr&oacute;ximo dia 11. <\/p>\n<p>Assim, na pr&oacute;xima semana, a comiss&atilde;o de licita&ccedil;&atilde;o dever&aacute; concluir o processo de venda de 60 lotes de freq&uuml;&ecirc;ncias, adquiridos pela Vivo, Oi, Tim e Claro que n&atilde;o tiveram qualquer tipo de questionamento. Isso porque, essas freq&uuml;&ecirc;ncias condicionam a aquisi&ccedil;&atilde;o das bandas de 3G, e, por isso, precisam ser logo resolvidas.<\/p>\n<p>Na mesma reuni&atilde;o desta semana, o conselho decidiu conceder mais uma chance para a Unicel, que dever&aacute; reapresentar a sua carta de fian&ccedil;a para que seja retomada a licita&ccedil;&atilde;o de quatro lotes de freq&uuml;&ecirc;ncia de 2,5 GHz, que inicialmente haviam sido arrematados pela Oi, depois que a Unicel foi desclassificada pela comiss&atilde;o de licita&ccedil;&atilde;o.<\/p>\n<p>Mas a Oi est&aacute; tranq&uuml;ila quanto a essa disputa, informam seus executivos, pois a reabertura do leil&atilde;o n&atilde;o ir&aacute; impedir que a empresa ingresse no mercado de telefonia m&oacute;vel de S&atilde;o Paulo. Isso porque, assinala a fonte, no mesmo leil&atilde;o, a empresa comprou 40 MHz de espetro para cobrir a regi&atilde;o metropolitada de S&atilde;o Paulo e outros 20 MHz para cobrir o interior do estado paulista, compras essas que n&atilde;o sofreram qualquer questionamento. <\/p>\n<p>A disputa com a Unicel se dar&aacute; por mais 30 MHz de freq&uuml;&ecirc;ncias para o interior do estado. Para a Oi, &eacute; sempre melhor ter mais espectro, por isso, a empresa ir&aacute; redisputar os quatro lotes, caso a Unicel reapresente a sua carta-fian&ccedil;a. Mas se n&atilde;o conseguir arrematar as freq&uuml;&ecirc;ncias, n&atilde;o ficar&aacute; fora do mercado paulista, assinala o executivo.<\/p>\n<p><strong>Claro versus Tim<\/p>\n<p><\/strong>A controv&eacute;rsia entre a Claro e Tim, pelas freq&uuml;&ecirc;ncias de 900 MHz da regi&atilde;o Norte, ainda n&atilde;o foi resolvida pelo conselho diretor. A Claro entrou com recurso argumentando que a Tim n&atilde;o poderia ter adquirido essas bandas. A comiss&atilde;o de licita&ccedil;&atilde;o reconheceu que o regulamento que trata do assunto &eacute; contradit&oacute;rio e, por isso, passou a bola para a dire&ccedil;&atilde;o da ag&ecirc;ncia. <\/p>\n","protected":false},"excerpt":{"rendered":"<p>O conselho diretor da Anatel decidiu que vai outorgar as freq&uuml;&ecirc;ncias adquiridas no leil&atilde;o das sobras do SMP que n&atilde;o est&atilde;o sendo questionadas antes da venda das freq&uuml;&ecirc;ncias de terceira gera&ccedil;&atilde;o da telefonia m&oacute;vel, marcado para o dia 18 de dezembro, mas cujas as entregas de propostas dever&atilde;o ser feitas no pr&oacute;ximo dia 11. Assim, &hellip; <a href=\"https:\/\/obscom.intervozes.org.br\/?p=19940\" class=\"more-link\">Continue lendo <span class=\"screen-reader-text\">Anatel outorga freq\u00fc\u00eancia do SMP antes do leil\u00e3o da 3G<\/span> <span class=\"meta-nav\">&rarr;<\/span><\/a><\/p>\n","protected":false},"author":1,"featured_media":0,"comment_status":"open","ping_status":"open","sticky":false,"template":"","format":"standard","meta":{"footnotes":""},"categories":[40],"tags":[81],"_links":{"self":[{"href":"https:\/\/obscom.intervozes.org.br\/index.php?rest_route=\/wp\/v2\/posts\/19940"}],"collection":[{"href":"https:\/\/obscom.intervozes.org.br\/index.php?rest_route=\/wp\/v2\/posts"}],"about":[{"href":"https:\/\/obscom.intervozes.org.br\/index.php?rest_route=\/wp\/v2\/types\/post"}],"author":[{"embeddable":true,"href":"https:\/\/obscom.intervozes.org.br\/index.php?rest_route=\/wp\/v2\/users\/1"}],"replies":[{"embeddable":true,"href":"https:\/\/obscom.intervozes.org.br\/index.php?rest_route=%2Fwp%2Fv2%2Fcomments&post=19940"}],"version-history":[{"count":0,"href":"https:\/\/obscom.intervozes.org.br\/index.php?rest_route=\/wp\/v2\/posts\/19940\/revisions"}],"wp:attachment":[{"href":"https:\/\/obscom.intervozes.org.br\/index.php?rest_route=%2Fwp%2Fv2%2Fmedia&parent=19940"}],"wp:term":[{"taxonomy":"category","embeddable":true,"href":"https:\/\/obscom.intervozes.org.br\/index.php?rest_route=%2Fwp%2Fv2%2Fcategories&post=19940"},{"taxonomy":"post_tag","embeddable":true,"href":"https:\/\/obscom.intervozes.org.br\/index.php?rest_route=%2Fwp%2Fv2%2Ftags&post=19940"}],"curies":[{"name":"wp","href":"https:\/\/api.w.org\/{rel}","templated":true}]}}