{"id":19939,"date":"2007-12-03T15:10:18","date_gmt":"2007-12-03T15:10:18","guid":{"rendered":"https:\/\/obscom.intervozes.org.br\/wordpress\/?p=19939"},"modified":"2007-12-03T15:10:18","modified_gmt":"2007-12-03T15:10:18","slug":"proposta-regulamenta-centrais-de-comunicacao-para-portadores-de-deficiencia","status":"publish","type":"post","link":"https:\/\/obscom.intervozes.org.br\/?p=19939","title":{"rendered":"Proposta regulamenta centrais de comunica\u00e7\u00e3o para portadores de defici\u00eancia"},"content":{"rendered":"<p>A Anatel decidiu submeter a proposta de regulamento da Centralde Intermedia&ccedil;&atilde;o de Comunica&ccedil;&atilde;o telef&ocirc;nica (CIC) a ser utilizada por pessoas portadoras de defici&ecirc;ncia auditiva ou da fala a consulta p&uacute;blica. O documento determina as caracter&iacute;sticas e os requisitos m&iacute;nimos da estrutura, do funcionamento e de atendimento da CIC, al&eacute;m dos crit&eacute;rios de cobran&ccedil;a. <\/p>\n<p>Entre as principais caracter&iacute;sticas, destacam-se o funcionamento da central em tempo integral em todo o territ&oacute;rio nacional de forma integrada com todas as operadoras de telefonia fixa e m&oacute;vel; a divulga&ccedil;&atilde;o de forma clara, pelas empresas, da exist&ecirc;ncia do c&oacute;digo de acesso (o 142) e das funcionalidades da central; e os requisitos que visam a garantir a fidelidade, o sigilo e a integralidade das mensagens intermediadas. <\/p>\n<p>O regulamento tamb&eacute;m determina que todas as operadoras garantam o acesso &agrave; CIC, seja de forma terceirizada ou centralizada. Segundo a proposta, as chamadas para a central ser&atilde;o gratuitas, sendo considerados para efeitos de cobran&ccedil;a apenas os pontos de origem e de destino da chamada, independentemente do local onde a CIC esteja localizada. <\/p>\n<p>O regulamento considerou a qualidade do servi&ccedil;o oferecido, a cobran&ccedil;a e a preocupa&ccedil;&atilde;o emn&atilde;o restringir o servi&ccedil;o &agrave; tecnologia. A Anatel tamb&eacute;m realizou pesquisas sobre o funcionamento das centrais de intermedia&ccedil;&atilde;o em outros pa&iacute;ses, al&eacute;m de interagir com institui&ccedil;&otilde;es como a Coordenadoria Nacional para a Integra&ccedil;&atilde;o de Pessoas Portadoras de Defici&ecirc;ncia (Corde), da SecretariaEspecial de Direitos Humanos da Presid&ecirc;ncia da Rep&uacute;blica (SEDH), e a Federa&ccedil;&atilde;o Nacional de Educa&ccedil;&atilde;o e Integra&ccedil;&atilde;o dos Surdos (Feneis). <\/p>\n<p>A obriga&ccedil;&atilde;o de oferecer as Centrais de Intermedia&ccedil;&atilde;o foi determinada pelo Decreto 5.296, de 2 de dezembro de 2004, que estabelece, entre outras coisas, as normas gerais e crit&eacute;rios b&aacute;sicos para a promo&ccedil;&atilde;o da acessibilidade das pessoas com defici&ecirc;ncia. A consulta deve ser disponibilizada para contribui&ccedil;&otilde;es da sociedade a partir de segunda-feira (3\/12). <\/p>\n","protected":false},"excerpt":{"rendered":"<p>A Anatel decidiu submeter a proposta de regulamento da Centralde Intermedia&ccedil;&atilde;o de Comunica&ccedil;&atilde;o telef&ocirc;nica (CIC) a ser utilizada por pessoas portadoras de defici&ecirc;ncia auditiva ou da fala a consulta p&uacute;blica. O documento determina as caracter&iacute;sticas e os requisitos m&iacute;nimos da estrutura, do funcionamento e de atendimento da CIC, al&eacute;m dos crit&eacute;rios de cobran&ccedil;a. Entre as &hellip; <a href=\"https:\/\/obscom.intervozes.org.br\/?p=19939\" class=\"more-link\">Continue lendo <span class=\"screen-reader-text\">Proposta regulamenta centrais de comunica\u00e7\u00e3o para portadores de defici\u00eancia<\/span> <span class=\"meta-nav\">&rarr;<\/span><\/a><\/p>\n","protected":false},"author":1,"featured_media":0,"comment_status":"open","ping_status":"open","sticky":false,"template":"","format":"standard","meta":{"footnotes":""},"categories":[40],"tags":[152],"_links":{"self":[{"href":"https:\/\/obscom.intervozes.org.br\/index.php?rest_route=\/wp\/v2\/posts\/19939"}],"collection":[{"href":"https:\/\/obscom.intervozes.org.br\/index.php?rest_route=\/wp\/v2\/posts"}],"about":[{"href":"https:\/\/obscom.intervozes.org.br\/index.php?rest_route=\/wp\/v2\/types\/post"}],"author":[{"embeddable":true,"href":"https:\/\/obscom.intervozes.org.br\/index.php?rest_route=\/wp\/v2\/users\/1"}],"replies":[{"embeddable":true,"href":"https:\/\/obscom.intervozes.org.br\/index.php?rest_route=%2Fwp%2Fv2%2Fcomments&post=19939"}],"version-history":[{"count":0,"href":"https:\/\/obscom.intervozes.org.br\/index.php?rest_route=\/wp\/v2\/posts\/19939\/revisions"}],"wp:attachment":[{"href":"https:\/\/obscom.intervozes.org.br\/index.php?rest_route=%2Fwp%2Fv2%2Fmedia&parent=19939"}],"wp:term":[{"taxonomy":"category","embeddable":true,"href":"https:\/\/obscom.intervozes.org.br\/index.php?rest_route=%2Fwp%2Fv2%2Fcategories&post=19939"},{"taxonomy":"post_tag","embeddable":true,"href":"https:\/\/obscom.intervozes.org.br\/index.php?rest_route=%2Fwp%2Fv2%2Ftags&post=19939"}],"curies":[{"name":"wp","href":"https:\/\/api.w.org\/{rel}","templated":true}]}}