{"id":19930,"date":"2007-11-30T16:52:35","date_gmt":"2007-11-30T16:52:35","guid":{"rendered":"https:\/\/obscom.intervozes.org.br\/wordpress\/?p=19930"},"modified":"2007-11-30T16:52:35","modified_gmt":"2007-11-30T16:52:35","slug":"frequencia-da-oi-em-sp-podera-ser-licitada-novamente","status":"publish","type":"post","link":"https:\/\/obscom.intervozes.org.br\/?p=19930","title":{"rendered":"Freq\u00fc\u00eancia da Oi em SP poder\u00e1 ser licitada novamente"},"content":{"rendered":"<p>A Oi, que adquiriu as sobras de freq&uuml;&ecirc;ncias da telefonia m&oacute;vel licitadas em setembro pela Anatel para ingressar no mercado paulista, poder&aacute; ter que voltar a disputar essas faixas. O conselho diretor da ag&ecirc;ncia decidiu ontem conceder uma nova chance para a Unicel, empresa que havia sido desclassificada pela comiss&atilde;o de licita&ccedil;&atilde;o. A diretoria da Anatel atendeu parcialmente ao recurso da Unicel, que, durante o leil&atilde;o, apresentou uma carta fian&ccedil;a com nome, endere&ccedil;o e CNPJ da Aneel (ag&ecirc;ncia de energia el&eacute;trica), o que n&atilde;o foi aceito pela comiss&atilde;o de licita&ccedil;&atilde;o, j&aacute; que a fian&ccedil;a n&atilde;o poderia ser executada pela Anatel. <\/p>\n<p>Com a desclassifica&ccedil;&atilde;o da Unicel, a Oi arrematou sozinha os quatro lotes de freq&uuml;&ecirc;ncias que cobrem o interior do estado de S&atilde;o Paulo. A freq&uuml;&ecirc;ncia para a regi&atilde;o metropolitana de S&atilde;o Paulo foi arrematada pela Oi sem disputa. A Unicel recorreu de sua desclassifica&ccedil;&atilde;o ao conselho diretor da Anatel. Conforme a decis&atilde;o do conselho, a Unicel ter&aacute; tr&ecirc;s dias, assim que for convocada pela comiss&atilde;o de licita&ccedil;&atilde;o, para apresentar a nova carta fian&ccedil;a, desta vez, em nome da Anatel. Se ela cumprir esta determina&ccedil;&atilde;o, a ag&ecirc;ncia ir&aacute; novamente colocar &agrave; venda esses quatro lotes de freq&uuml;&ecirc;ncias. <\/p>\n","protected":false},"excerpt":{"rendered":"<p>A Oi, que adquiriu as sobras de freq&uuml;&ecirc;ncias da telefonia m&oacute;vel licitadas em setembro pela Anatel para ingressar no mercado paulista, poder&aacute; ter que voltar a disputar essas faixas. O conselho diretor da ag&ecirc;ncia decidiu ontem conceder uma nova chance para a Unicel, empresa que havia sido desclassificada pela comiss&atilde;o de licita&ccedil;&atilde;o. A diretoria da &hellip; <a href=\"https:\/\/obscom.intervozes.org.br\/?p=19930\" class=\"more-link\">Continue lendo <span class=\"screen-reader-text\">Freq\u00fc\u00eancia da Oi em SP poder\u00e1 ser licitada novamente<\/span> <span class=\"meta-nav\">&rarr;<\/span><\/a><\/p>\n","protected":false},"author":1,"featured_media":0,"comment_status":"open","ping_status":"open","sticky":false,"template":"","format":"standard","meta":{"footnotes":""},"categories":[40],"tags":[107],"_links":{"self":[{"href":"https:\/\/obscom.intervozes.org.br\/index.php?rest_route=\/wp\/v2\/posts\/19930"}],"collection":[{"href":"https:\/\/obscom.intervozes.org.br\/index.php?rest_route=\/wp\/v2\/posts"}],"about":[{"href":"https:\/\/obscom.intervozes.org.br\/index.php?rest_route=\/wp\/v2\/types\/post"}],"author":[{"embeddable":true,"href":"https:\/\/obscom.intervozes.org.br\/index.php?rest_route=\/wp\/v2\/users\/1"}],"replies":[{"embeddable":true,"href":"https:\/\/obscom.intervozes.org.br\/index.php?rest_route=%2Fwp%2Fv2%2Fcomments&post=19930"}],"version-history":[{"count":0,"href":"https:\/\/obscom.intervozes.org.br\/index.php?rest_route=\/wp\/v2\/posts\/19930\/revisions"}],"wp:attachment":[{"href":"https:\/\/obscom.intervozes.org.br\/index.php?rest_route=%2Fwp%2Fv2%2Fmedia&parent=19930"}],"wp:term":[{"taxonomy":"category","embeddable":true,"href":"https:\/\/obscom.intervozes.org.br\/index.php?rest_route=%2Fwp%2Fv2%2Fcategories&post=19930"},{"taxonomy":"post_tag","embeddable":true,"href":"https:\/\/obscom.intervozes.org.br\/index.php?rest_route=%2Fwp%2Fv2%2Ftags&post=19930"}],"curies":[{"name":"wp","href":"https:\/\/api.w.org\/{rel}","templated":true}]}}