{"id":19927,"date":"2007-11-30T16:32:32","date_gmt":"2007-11-30T16:32:32","guid":{"rendered":"https:\/\/obscom.intervozes.org.br\/wordpress\/?p=19927"},"modified":"2007-11-30T16:32:32","modified_gmt":"2007-11-30T16:32:32","slug":"radio-comunitaria-e-fechada-por-operar-como-emissora-comercial","status":"publish","type":"post","link":"https:\/\/obscom.intervozes.org.br\/?p=19927","title":{"rendered":"R\u00e1dio comunit\u00e1ria \u00e9 fechada por operar como emissora comercial"},"content":{"rendered":"<p>Emissora de r&aacute;dio comunit&aacute;ria n&atilde;o pode utilizar freq&uuml;&ecirc;ncia elevada e nem vender an&uacute;ncios comerciais. Com esse entendimento, a 1&ordf; Turma do Superior Tribunal de Justi&ccedil;a determinou o fechamento da empresa de Radiodifus&atilde;o Informativa e Comunit&aacute;ria Jaciob&aacute; FM, de Alagoas. De acordo com o ministro Teori Zavascki, a utiliza&ccedil;&atilde;o de uma pot&ecirc;ncia de 931 watts e an&uacute;ncios pagos desqualificam a suposta emissora como r&aacute;dio comunit&aacute;ria. <\/p>\n<p>A R&aacute;dio Jaciob&aacute; entrou com Mandado de Seguran&ccedil;a, pedindo liminar para garantir seu funcionamento. Tamb&eacute;m solicitou que n&atilde;o fossem aplicadas as penas do C&oacute;digo Brasileiro de Comunica&ccedil;&otilde;es. A empresa alegou que, em fevereiro de 1996, havia entrado com o pedido de regulariza&ccedil;&atilde;o de suas atividades no Minist&eacute;rio das Comunica&ccedil;&otilde;es e que n&atilde;o seria clandestina, pois &eacute; registrada na junta comercial do munic&iacute;pio de P&atilde;o de A&ccedil;&uacute;car (AL), onde fica sua sede. <\/p>\n<p>O Mandado de Seguran&ccedil;a foi concedido na primeira inst&acirc;ncia. A Uni&atilde;o recorreu ao Tribunal Regional Federal da 5&ordf; Regi&atilde;o, que manteve a decis&atilde;o. O processo foi para o STJ. L&aacute;, a Uni&atilde;o afirmou que a r&aacute;dio infringiu o artigo 233 da Constitui&ccedil;&atilde;o Federal e a Lei 9.612, de 1998, segundo as quais apenas o Poder Executivo pode autorizar o funcionamento de empresas de radiodifus&atilde;o. De acordo com a Uni&atilde;o, tamb&eacute;m foi ofendido o Decreto 2.615 de 1998, que estabelece a responsabilidade do Minist&eacute;rio das Comunica&ccedil;&otilde;es e da Anatel para a concess&atilde;o da licen&ccedil;a e a fiscaliza&ccedil;&atilde;o da radiodifus&atilde;o. <\/p>\n<p>O ministro Jos&eacute; Delgado considerou que uma emissora de r&aacute;dio comunit&aacute;ria sem fins lucrativos n&atilde;o pode ser equiparada a uma empresa comercial. Como a empresa j&aacute; havia pedido seu registro e n&atilde;o houve resposta da administra&ccedil;&atilde;o, poderia, em car&aacute;ter excepcional, ser admitida a continua&ccedil;&atilde;o das atividades da R&aacute;dio Jaciob&aacute;. Para o ministro, a empresa n&atilde;o seria clandestina j&aacute; que era registrada em junta comercial e teria, inclusive, estudo de viabilidade t&eacute;cnica. <\/p>\n<p>J&aacute; o ministro Teori Zavascki afirmou que, segundo a fiscaliza&ccedil;&atilde;o da Anatel, a suposta r&aacute;dio comunit&aacute;ria operaria com uma pot&ecirc;ncia de 931 watts (W). Segundo ele, o artigo 1&ordm; da Lei 9.612, que regulamenta o funcionamento das r&aacute;dios comunit&aacute;rias, define a baixa pot&ecirc;ncia em, no m&aacute;ximo, 25 W. Al&eacute;m disso, a Jaciob&aacute; teria an&uacute;ncios pagos, pr&aacute;tica vedada pela mesma lei. Por fim, Zavascki declarou que o propriet&aacute;rio da r&aacute;dio reside em S&atilde;o Paulo, n&atilde;o tendo, portanto, v&iacute;nculo com a comunidade de P&atilde;o de A&ccedil;&uacute;car. <\/p>\n<p>Para o ministro, a r&aacute;dio estaria causando interfer&ecirc;ncia no tr&aacute;fego a&eacute;reo da regi&atilde;o de Aracaju e o pedido de regulamenta&ccedil;&atilde;o n&atilde;o seria v&aacute;lido, j&aacute; que foi prejudicado com o arquivamento determinado pela Portaria 191 de 1998 do Minist&eacute;rio das Comunica&ccedil;&otilde;es. &#39;Diante da edi&ccedil;&atilde;o da lei 9.612, resta claro que a emissora de r&aacute;dio n&atilde;o pode seguir operando sem a autoriza&ccedil;&atilde;o do Poder P&uacute;blico&#39;. <\/p>\n","protected":false},"excerpt":{"rendered":"<p>Emissora de r&aacute;dio comunit&aacute;ria n&atilde;o pode utilizar freq&uuml;&ecirc;ncia elevada e nem vender an&uacute;ncios comerciais. Com esse entendimento, a 1&ordf; Turma do Superior Tribunal de Justi&ccedil;a determinou o fechamento da empresa de Radiodifus&atilde;o Informativa e Comunit&aacute;ria Jaciob&aacute; FM, de Alagoas. De acordo com o ministro Teori Zavascki, a utiliza&ccedil;&atilde;o de uma pot&ecirc;ncia de 931 watts e &hellip; <a href=\"https:\/\/obscom.intervozes.org.br\/?p=19927\" class=\"more-link\">Continue lendo <span class=\"screen-reader-text\">R\u00e1dio comunit\u00e1ria \u00e9 fechada por operar como emissora comercial<\/span> <span class=\"meta-nav\">&rarr;<\/span><\/a><\/p>\n","protected":false},"author":1,"featured_media":0,"comment_status":"open","ping_status":"open","sticky":false,"template":"","format":"standard","meta":{"footnotes":""},"categories":[40],"tags":[560],"_links":{"self":[{"href":"https:\/\/obscom.intervozes.org.br\/index.php?rest_route=\/wp\/v2\/posts\/19927"}],"collection":[{"href":"https:\/\/obscom.intervozes.org.br\/index.php?rest_route=\/wp\/v2\/posts"}],"about":[{"href":"https:\/\/obscom.intervozes.org.br\/index.php?rest_route=\/wp\/v2\/types\/post"}],"author":[{"embeddable":true,"href":"https:\/\/obscom.intervozes.org.br\/index.php?rest_route=\/wp\/v2\/users\/1"}],"replies":[{"embeddable":true,"href":"https:\/\/obscom.intervozes.org.br\/index.php?rest_route=%2Fwp%2Fv2%2Fcomments&post=19927"}],"version-history":[{"count":0,"href":"https:\/\/obscom.intervozes.org.br\/index.php?rest_route=\/wp\/v2\/posts\/19927\/revisions"}],"wp:attachment":[{"href":"https:\/\/obscom.intervozes.org.br\/index.php?rest_route=%2Fwp%2Fv2%2Fmedia&parent=19927"}],"wp:term":[{"taxonomy":"category","embeddable":true,"href":"https:\/\/obscom.intervozes.org.br\/index.php?rest_route=%2Fwp%2Fv2%2Fcategories&post=19927"},{"taxonomy":"post_tag","embeddable":true,"href":"https:\/\/obscom.intervozes.org.br\/index.php?rest_route=%2Fwp%2Fv2%2Ftags&post=19927"}],"curies":[{"name":"wp","href":"https:\/\/api.w.org\/{rel}","templated":true}]}}