{"id":19915,"date":"2007-11-29T15:06:26","date_gmt":"2007-11-29T15:06:26","guid":{"rendered":"https:\/\/obscom.intervozes.org.br\/wordpress\/?p=19915"},"modified":"2007-11-29T15:06:26","modified_gmt":"2007-11-29T15:06:26","slug":"agencia-define-que-canais-das-emissoras-publicas-ficarao-no-final-do-uhf","status":"publish","type":"post","link":"https:\/\/obscom.intervozes.org.br\/?p=19915","title":{"rendered":"Ag\u00eancia define que canais das emissoras p\u00fablicas ficar\u00e3o no final do UHF"},"content":{"rendered":"<p>Pelo menos tecnicamente, a pend&ecirc;ncia da designa&ccedil;&atilde;o de canais digitais para a TV C&acirc;mara e a TV Senado est&aacute; solucionada. A garantia foi dada nesta quarta-feira, 28, pelo superintendente de Servi&ccedil;os de Comunica&ccedil;&atilde;o de Massa da Anatel, Ara Apkar Minassian, durante debate na C&acirc;mara dos Deputados sobre a cria&ccedil;&atilde;o da TV Brasil. Segundo Minassian, uma reorganiza&ccedil;&atilde;o do espectro promovida pela ag&ecirc;ncia reguladora solucionou o impasse da falta de canais para as emissoras no estado de S&atilde;o Paulo.<\/p>\n<p>A pend&ecirc;ncia agora &eacute; pol&iacute;tica. O presidente da Comiss&atilde;o de Ci&ecirc;ncia e Tecnologia da C&acirc;mara, deputado J&uacute;lio Semeghini (PSDB\/SP), aproveitou a ocasi&atilde;o do debate da TV p&uacute;blica para provocar o Minist&eacute;rio das Comunica&ccedil;&otilde;es. Semeghini anunciou a exist&ecirc;ncia de um acordo com o presidente da C&acirc;mara dos Deputados, deputado Arlindo Chinaglia (PT\/SP), e o ministro H&eacute;lio Costa para formalizar a designa&ccedil;&atilde;o dos canais o mais r&aacute;pido poss&iacute;vel. Segundo o parlamentar, o acerto deve ter efeitos ainda nesta semana, com a publica&ccedil;&atilde;o, pelo Minicom, de documento oficializando os canais para as duas TVs do Legislativo.<\/p>\n<p><strong>Nova designa&ccedil;&atilde;o<\/p>\n<p><\/strong>O novo mapa de designa&ccedil;&atilde;o que garantir&aacute; os canais digitais para as TVs p&uacute;blicas vai do canal 61 ao 69 (apenas o 66 fica de fora por quest&otilde;es t&eacute;cnicas). Os canais 68 e 69 ficar&atilde;o para a TV Brasil, sendo um digital e um anal&oacute;gico, fazendo o pareamento. Os outros seis devem ser divididos entre TV C&acirc;mara, TV Senado, TV Justi&ccedil;a e mais tr&ecirc;s para a TV Brasil, para completar os quatro que a nova emissora ter&aacute; direito.<\/p>\n<p>Minassian informou que a quest&atilde;o est&aacute; solucionada para as cidades de S&atilde;o Paulo, Bras&iacute;lia, Belo Horizonte, Curitiba e Fortaleza. O mapa para Florian&oacute;polis estaria sendo fechado hoje e Porto Alegre &eacute; o pr&oacute;ximo na lista. Nem todas as cidades ter&atilde;o a mesma distribui&ccedil;&atilde;o de canais dentro da faixa 60 a 69, por conta da diferen&ccedil;a de sede das emissoras.<\/p>\n<p><strong>Sem anal&oacute;gico<\/p>\n<p><\/strong>Mas a designa&ccedil;&atilde;o soluciona apenas parcialmente os problemas das TVs p&uacute;blicas. &quot;Esses canais n&atilde;o admitem opera&ccedil;&atilde;o anal&oacute;gica de jeito nenhum&quot;, declarou o pr&oacute;prio superintendente da Anatel. Na pr&aacute;tica, isso significa que as TVs C&acirc;mara, Justi&ccedil;a e Senado n&atilde;o poder&atilde;o migrar t&atilde;o cedo para a TV digital pela completa falta de um canal anal&oacute;gico para fazer a transmiss&atilde;o simult&acirc;nea. Se migrarem, as emissoras automaticamente ficar&atilde;o indispon&iacute;veis para os milh&otilde;es de brasileiros que disp&otilde;em apenas de aparelhos anal&oacute;gicos de recep&ccedil;&atilde;o.<\/p>\n<p>Sem previs&atilde;o de quando o problema ser&aacute; resolvido, as emissoras p&uacute;blicas continuar&atilde;o anal&oacute;gicas at&eacute; que existam telespectadores suficientes com set-top boxes ou aparelhos digitais capazes de receber a nova transmiss&atilde;o. &quot;Quem vai determinar a transi&ccedil;&atilde;o dessas emissoras ser&aacute; o cidad&atilde;o&quot;, afirmou Minassian. As TVs n&atilde;o est&atilde;o dispostas a aguardar tanto tempo para a forma&ccedil;&atilde;o dessa nova rede de espectadores. A TV Senado est&aacute; organizando debates para a pr&oacute;xima semana no Senado Federal para tentar pressionar o governo a solucionar o impasse.<\/p>\n<p><strong>Benef&iacute;cios<\/p>\n<p><\/strong>As diretoras da TV C&acirc;mara, Sueli Navarro, e da TV Senado, Virg&iacute;nia Galvez, participaram da discuss&atilde;o sobre a TV Brasil e defenderam a defini&ccedil;&atilde;o dos canais para que o sistema p&uacute;blico de televis&atilde;o n&atilde;o fique de fora na mudan&ccedil;a para modelo de transmiss&atilde;o digital. &quot;Esperamos que essa casa se sensibilize sobre esta quest&atilde;o em benef&iacute;cio dos telespectadores da TV Senado&quot;, afirmou Virg&iacute;nia. A diretora da TV C&acirc;mara ponderou sobre a import&acirc;ncia do sistema digital para as transmiss&otilde;es feitas pelas TVs p&uacute;blicas. &quot;Dois aspectos s&atilde;o extremamente importante para n&oacute;s: a multiprograma&ccedil;&atilde;o e a interatividade. A gente poderia, por exemplo, estar fazendo esse debate ao vivo e recebendo a contribui&ccedil;&atilde;o da popula&ccedil;&atilde;o&quot;, afirmou Sueli.<\/p>\n<p>O coordenador do Intervozes &#8211; Coletivo Brasil de Comunica&ccedil;&atilde;o Social, Jonas Valente, lembrou que a designa&ccedil;&atilde;o ainda n&atilde;o soluciona plenamente o desequil&iacute;brio na defini&ccedil;&atilde;o de canais entre TVs p&uacute;blicas e comerciais. &quot;Se fosse simplesmente cumprida a lei, certamente a TV Brasil n&atilde;o ficaria relegado ao final do dial, onde poucas pessoas no UHF poder&atilde;o assistir&quot;, comentou. Assim como a TV Brasil, as TVs C&acirc;mara, Senado, Justi&ccedil;a e educativas devem ocupar a faixa onde est&atilde;o os canais 60 a 69, usados tradicionalmente por retransmissoras e fora do eixo &quot;nobre&quot; de canais usados pelas radiodifusoras comerciais. <\/p>\n<p>Sem espa&ccedil;o dispon&iacute;vel no espectro destinado &agrave; radiodifus&atilde;o, a Anatel teve que promover uma s&eacute;rie de realoca&ccedil;&otilde;es de faixa para garantir esse espa&ccedil;o para as TVs p&uacute;blicas e educativas, e cumprir o que est&aacute; previsto no decreto de implanta&ccedil;&atilde;o do Sistema Brasileiro de TV Digital (SDTVD), onde cada emissora tem direito a quatro canais no novo sistema. <\/p>\n","protected":false},"excerpt":{"rendered":"<p>Pelo menos tecnicamente, a pend&ecirc;ncia da designa&ccedil;&atilde;o de canais digitais para a TV C&acirc;mara e a TV Senado est&aacute; solucionada. A garantia foi dada nesta quarta-feira, 28, pelo superintendente de Servi&ccedil;os de Comunica&ccedil;&atilde;o de Massa da Anatel, Ara Apkar Minassian, durante debate na C&acirc;mara dos Deputados sobre a cria&ccedil;&atilde;o da TV Brasil. Segundo Minassian, uma &hellip; <a href=\"https:\/\/obscom.intervozes.org.br\/?p=19915\" class=\"more-link\">Continue lendo <span class=\"screen-reader-text\">Ag\u00eancia define que canais das emissoras p\u00fablicas ficar\u00e3o no final do UHF<\/span> <span class=\"meta-nav\">&rarr;<\/span><\/a><\/p>\n","protected":false},"author":1,"featured_media":0,"comment_status":"open","ping_status":"open","sticky":false,"template":"","format":"standard","meta":{"footnotes":""},"categories":[40],"tags":[152],"_links":{"self":[{"href":"https:\/\/obscom.intervozes.org.br\/index.php?rest_route=\/wp\/v2\/posts\/19915"}],"collection":[{"href":"https:\/\/obscom.intervozes.org.br\/index.php?rest_route=\/wp\/v2\/posts"}],"about":[{"href":"https:\/\/obscom.intervozes.org.br\/index.php?rest_route=\/wp\/v2\/types\/post"}],"author":[{"embeddable":true,"href":"https:\/\/obscom.intervozes.org.br\/index.php?rest_route=\/wp\/v2\/users\/1"}],"replies":[{"embeddable":true,"href":"https:\/\/obscom.intervozes.org.br\/index.php?rest_route=%2Fwp%2Fv2%2Fcomments&post=19915"}],"version-history":[{"count":0,"href":"https:\/\/obscom.intervozes.org.br\/index.php?rest_route=\/wp\/v2\/posts\/19915\/revisions"}],"wp:attachment":[{"href":"https:\/\/obscom.intervozes.org.br\/index.php?rest_route=%2Fwp%2Fv2%2Fmedia&parent=19915"}],"wp:term":[{"taxonomy":"category","embeddable":true,"href":"https:\/\/obscom.intervozes.org.br\/index.php?rest_route=%2Fwp%2Fv2%2Fcategories&post=19915"},{"taxonomy":"post_tag","embeddable":true,"href":"https:\/\/obscom.intervozes.org.br\/index.php?rest_route=%2Fwp%2Fv2%2Ftags&post=19915"}],"curies":[{"name":"wp","href":"https:\/\/api.w.org\/{rel}","templated":true}]}}