{"id":19909,"date":"2007-11-28T17:47:40","date_gmt":"2007-11-28T17:47:40","guid":{"rendered":"https:\/\/obscom.intervozes.org.br\/wordpress\/?p=19909"},"modified":"2007-11-28T17:47:40","modified_gmt":"2007-11-28T17:47:40","slug":"observatorio-do-direito-a-comunicacao-tem-participacao-em-entrevista-coletiva-vetada","status":"publish","type":"post","link":"https:\/\/obscom.intervozes.org.br\/?p=19909","title":{"rendered":"Observat\u00f3rio do Direito \u00e0 Comunica\u00e7\u00e3o tem participa\u00e7\u00e3o em entrevista coletiva vetada"},"content":{"rendered":"<p>A reportagem do Observat&oacute;rio do Direito &agrave; Comunica&ccedil;&atilde;o&nbsp;n&atilde;o teve acesso&nbsp;&agrave;&nbsp;entrevista coletiva concedida pelo ministro H&eacute;lio Costa&nbsp;nesta quarta-feira (28) sobre a implanta&ccedil;&atilde;o da TV digital no Brasil. Inscrito previamente &#8211; como determinou a assessoria do ministro&nbsp;&#8211; o Observat&oacute;rio teve sua conta de &quot;skype&quot; inclu&iacute;da na lista da assessoria de imprensa do MC pela manh&atilde;, mas&nbsp;justamente no momento da entrevista&nbsp;o endere&ccedil;o para o qual deveriam ser enviadas perguntas&nbsp;n&atilde;o mais aparecia na lista de contatos &quot;online&quot;. Somente ao final da entrevista o login do MC voltou a ficar &quot;online&quot; e&nbsp;enviou a seguinte&nbsp;mensagem ao Observat&oacute;rio: &quot;Encerrou a entrevista do ministro das Comunica&ccedil;&otilde;es. muito obrigado pela participa&ccedil;&atilde;o de todos&quot;.<\/p>\n<p>Durante a entrevista e&nbsp;ap&oacute;s uma hora de sua conclus&atilde;o, a equipe do Observat&oacute;rio procurou&nbsp;conseguir a explica&ccedil;&atilde;o do Minist&eacute;rio das Comunica&ccedil;&otilde;es sobre o acontecido, mas n&atilde;o obteve resposta.<\/p>\n<p>Diogo Moyses, editor do Observat&oacute;rio do Direito &agrave; Comunica&ccedil;&atilde;o.<\/p>\n","protected":false},"excerpt":{"rendered":"<p>A reportagem do Observat&oacute;rio do Direito &agrave; Comunica&ccedil;&atilde;o&nbsp;n&atilde;o teve acesso&nbsp;&agrave;&nbsp;entrevista coletiva concedida pelo ministro H&eacute;lio Costa&nbsp;nesta quarta-feira (28) sobre a implanta&ccedil;&atilde;o da TV digital no Brasil. Inscrito previamente &#8211; como determinou a assessoria do ministro&nbsp;&#8211; o Observat&oacute;rio teve sua conta de &quot;skype&quot; inclu&iacute;da na lista da assessoria de imprensa do MC pela manh&atilde;, mas&nbsp;justamente no &hellip; <a href=\"https:\/\/obscom.intervozes.org.br\/?p=19909\" class=\"more-link\">Continue lendo <span class=\"screen-reader-text\">Observat\u00f3rio do Direito \u00e0 Comunica\u00e7\u00e3o tem participa\u00e7\u00e3o em entrevista coletiva vetada<\/span> <span class=\"meta-nav\">&rarr;<\/span><\/a><\/p>\n","protected":false},"author":1,"featured_media":0,"comment_status":"open","ping_status":"open","sticky":false,"template":"","format":"standard","meta":{"footnotes":""},"categories":[39],"tags":[],"_links":{"self":[{"href":"https:\/\/obscom.intervozes.org.br\/index.php?rest_route=\/wp\/v2\/posts\/19909"}],"collection":[{"href":"https:\/\/obscom.intervozes.org.br\/index.php?rest_route=\/wp\/v2\/posts"}],"about":[{"href":"https:\/\/obscom.intervozes.org.br\/index.php?rest_route=\/wp\/v2\/types\/post"}],"author":[{"embeddable":true,"href":"https:\/\/obscom.intervozes.org.br\/index.php?rest_route=\/wp\/v2\/users\/1"}],"replies":[{"embeddable":true,"href":"https:\/\/obscom.intervozes.org.br\/index.php?rest_route=%2Fwp%2Fv2%2Fcomments&post=19909"}],"version-history":[{"count":0,"href":"https:\/\/obscom.intervozes.org.br\/index.php?rest_route=\/wp\/v2\/posts\/19909\/revisions"}],"wp:attachment":[{"href":"https:\/\/obscom.intervozes.org.br\/index.php?rest_route=%2Fwp%2Fv2%2Fmedia&parent=19909"}],"wp:term":[{"taxonomy":"category","embeddable":true,"href":"https:\/\/obscom.intervozes.org.br\/index.php?rest_route=%2Fwp%2Fv2%2Fcategories&post=19909"},{"taxonomy":"post_tag","embeddable":true,"href":"https:\/\/obscom.intervozes.org.br\/index.php?rest_route=%2Fwp%2Fv2%2Ftags&post=19909"}],"curies":[{"name":"wp","href":"https:\/\/api.w.org\/{rel}","templated":true}]}}