{"id":19905,"date":"2007-11-28T13:38:22","date_gmt":"2007-11-28T13:38:22","guid":{"rendered":"https:\/\/obscom.intervozes.org.br\/wordpress\/?p=19905"},"modified":"2007-11-28T13:38:22","modified_gmt":"2007-11-28T13:38:22","slug":"cancelado-debate-na-camara-sobre-mercado-de-distribuicao-de-revistas","status":"publish","type":"post","link":"https:\/\/obscom.intervozes.org.br\/?p=19905","title":{"rendered":"Cancelado debate na C\u00e2mara sobre mercado de distribui\u00e7\u00e3o de revistas"},"content":{"rendered":"<p>As comiss&otilde;es de Defesa do Consumidor; e de Fiscaliza&ccedil;&atilde;o Financeira e Controle cancelaram audi&ecirc;ncia p&uacute;blica prevista para esta quarta-feira (28). Na reuni&atilde;o, seria discutida a aquisi&ccedil;&atilde;o da empresa Fernando Chinaglia Distribuidora pelo Grupo Abril. Com a compra, alerta o deputado Celso Russomanno (PP-SP) &#8211; que prop&ocirc;s a realiza&ccedil;&atilde;o da audi&ecirc;ncia -, o Grupo Abril ter&aacute; o monop&oacute;lio no mercado de distribui&ccedil;&atilde;o de publica&ccedil;&otilde;es. <\/p>\n<p>O encontro foi cancelado porque o presidente do Grupo Abril, Roberto Civita, n&atilde;o poder&aacute; comparecer. A discuss&atilde;o sobre o tema deve ocorrer no dia 5 de dezembro.<\/p>\n<p>As informa&ccedil;&otilde;es s&atilde;o da Ag&ecirc;ncia C&acirc;mara.&nbsp;<\/p>\n","protected":false},"excerpt":{"rendered":"<p>As comiss&otilde;es de Defesa do Consumidor; e de Fiscaliza&ccedil;&atilde;o Financeira e Controle cancelaram audi&ecirc;ncia p&uacute;blica prevista para esta quarta-feira (28). Na reuni&atilde;o, seria discutida a aquisi&ccedil;&atilde;o da empresa Fernando Chinaglia Distribuidora pelo Grupo Abril. Com a compra, alerta o deputado Celso Russomanno (PP-SP) &#8211; que prop&ocirc;s a realiza&ccedil;&atilde;o da audi&ecirc;ncia -, o Grupo Abril ter&aacute; &hellip; <a href=\"https:\/\/obscom.intervozes.org.br\/?p=19905\" class=\"more-link\">Continue lendo <span class=\"screen-reader-text\">Cancelado debate na C\u00e2mara sobre mercado de distribui\u00e7\u00e3o de revistas<\/span> <span class=\"meta-nav\">&rarr;<\/span><\/a><\/p>\n","protected":false},"author":1,"featured_media":0,"comment_status":"open","ping_status":"open","sticky":false,"template":"","format":"standard","meta":{"footnotes":""},"categories":[39],"tags":[],"_links":{"self":[{"href":"https:\/\/obscom.intervozes.org.br\/index.php?rest_route=\/wp\/v2\/posts\/19905"}],"collection":[{"href":"https:\/\/obscom.intervozes.org.br\/index.php?rest_route=\/wp\/v2\/posts"}],"about":[{"href":"https:\/\/obscom.intervozes.org.br\/index.php?rest_route=\/wp\/v2\/types\/post"}],"author":[{"embeddable":true,"href":"https:\/\/obscom.intervozes.org.br\/index.php?rest_route=\/wp\/v2\/users\/1"}],"replies":[{"embeddable":true,"href":"https:\/\/obscom.intervozes.org.br\/index.php?rest_route=%2Fwp%2Fv2%2Fcomments&post=19905"}],"version-history":[{"count":0,"href":"https:\/\/obscom.intervozes.org.br\/index.php?rest_route=\/wp\/v2\/posts\/19905\/revisions"}],"wp:attachment":[{"href":"https:\/\/obscom.intervozes.org.br\/index.php?rest_route=%2Fwp%2Fv2%2Fmedia&parent=19905"}],"wp:term":[{"taxonomy":"category","embeddable":true,"href":"https:\/\/obscom.intervozes.org.br\/index.php?rest_route=%2Fwp%2Fv2%2Fcategories&post=19905"},{"taxonomy":"post_tag","embeddable":true,"href":"https:\/\/obscom.intervozes.org.br\/index.php?rest_route=%2Fwp%2Fv2%2Ftags&post=19905"}],"curies":[{"name":"wp","href":"https:\/\/api.w.org\/{rel}","templated":true}]}}