{"id":19901,"date":"2007-11-28T10:59:24","date_gmt":"2007-11-28T10:59:24","guid":{"rendered":"https:\/\/obscom.intervozes.org.br\/wordpress\/?p=19901"},"modified":"2007-11-28T10:59:24","modified_gmt":"2007-11-28T10:59:24","slug":"na-bolivia-radios-sao-atacadas-por-opositores-de-evo-morales","status":"publish","type":"post","link":"https:\/\/obscom.intervozes.org.br\/?p=19901","title":{"rendered":"Na Bol\u00edvia, r\u00e1dios s\u00e3o atacadas por opositores de Evo Morales"},"content":{"rendered":"<p>Na &uacute;ltima ter&ccedil;a-feira (27), ocorreu na capital do departamento boliviano de Pando, Cobija, o primeiro dos dois dias de greve convocadas pelas seis regi&otilde;es opositoras ao presidente Evo Morales. <\/p>\n<p>As ruas de Cobija, a 1.200 km da capital La Paz, foram bloqueadas grupos de estudantes e por m&aacute;quinas e ve&iacute;culos do governo departamental, cujo titular &eacute; o ex-senador de direita, Leopoldo Fern&aacute;ndez, atual diretor da agremia&ccedil;&atilde;o opositora Podemos, do ex-presidente Jorge Quiroga. <\/p>\n<p>Manifestantes aliados a Fern&aacute;ndez atacaram as r&aacute;dios Digital e Oasis. As transmiss&otilde;es foram interrompidas depois que a energia da r&aacute;dio foi cortada por um grupo de desconhecidos.<\/p>\n<p>&quot;Nos sentimos amea&ccedil;ados pelos jovens que desde as quatro da manh&atilde; est&atilde;o nas ruas, nas imedia&ccedil;&otilde;es da r&aacute;dio. Hoje de manh&atilde; um turba chegou jogando pedras&quot;, declarou Humberto Lucana, diretor da r&aacute;dio Digital. Viviano Opi, dono da r&aacute;dio Oasis, afirmou que foi amea&ccedil;ado por um grupo que tentou invadir a r&aacute;dio. Os dist&uacute;rbios diminu&iacute;ram ap&oacute;s a chuva, mas algumas ruas de Cobija permanecem bloqueadas.<\/p>\n<p>Jornalistas tamb&eacute;m protestaram contra agress&otilde;es a rep&oacute;rteres de Sucre, cidade que viveu momentos violentos no &uacute;ltimo final de semana, e contra as amea&ccedil;as da turba de civis contra canais de TV privados de La Paz.<\/p>\n<p>Segundo a ag&ecirc;ncia de not&iacute;cias AFP, dezenas de jornalistas marcharam pela pra&ccedil;a de Armas de Sucre, onde ocorreram graves enfrentamentos no s&aacute;bado e domingo. Durante os dist&uacute;rbios, tr&ecirc;s policiais e um civil morreram, e mais de cem pessoas foram feridas.<\/p>\n","protected":false},"excerpt":{"rendered":"<p>Na &uacute;ltima ter&ccedil;a-feira (27), ocorreu na capital do departamento boliviano de Pando, Cobija, o primeiro dos dois dias de greve convocadas pelas seis regi&otilde;es opositoras ao presidente Evo Morales. As ruas de Cobija, a 1.200 km da capital La Paz, foram bloqueadas grupos de estudantes e por m&aacute;quinas e ve&iacute;culos do governo departamental, cujo titular &hellip; <a href=\"https:\/\/obscom.intervozes.org.br\/?p=19901\" class=\"more-link\">Continue lendo <span class=\"screen-reader-text\">Na Bol\u00edvia, r\u00e1dios s\u00e3o atacadas por opositores de Evo Morales<\/span> <span class=\"meta-nav\">&rarr;<\/span><\/a><\/p>\n","protected":false},"author":1,"featured_media":0,"comment_status":"open","ping_status":"open","sticky":false,"template":"","format":"standard","meta":{"footnotes":""},"categories":[40],"tags":[90],"_links":{"self":[{"href":"https:\/\/obscom.intervozes.org.br\/index.php?rest_route=\/wp\/v2\/posts\/19901"}],"collection":[{"href":"https:\/\/obscom.intervozes.org.br\/index.php?rest_route=\/wp\/v2\/posts"}],"about":[{"href":"https:\/\/obscom.intervozes.org.br\/index.php?rest_route=\/wp\/v2\/types\/post"}],"author":[{"embeddable":true,"href":"https:\/\/obscom.intervozes.org.br\/index.php?rest_route=\/wp\/v2\/users\/1"}],"replies":[{"embeddable":true,"href":"https:\/\/obscom.intervozes.org.br\/index.php?rest_route=%2Fwp%2Fv2%2Fcomments&post=19901"}],"version-history":[{"count":0,"href":"https:\/\/obscom.intervozes.org.br\/index.php?rest_route=\/wp\/v2\/posts\/19901\/revisions"}],"wp:attachment":[{"href":"https:\/\/obscom.intervozes.org.br\/index.php?rest_route=%2Fwp%2Fv2%2Fmedia&parent=19901"}],"wp:term":[{"taxonomy":"category","embeddable":true,"href":"https:\/\/obscom.intervozes.org.br\/index.php?rest_route=%2Fwp%2Fv2%2Fcategories&post=19901"},{"taxonomy":"post_tag","embeddable":true,"href":"https:\/\/obscom.intervozes.org.br\/index.php?rest_route=%2Fwp%2Fv2%2Ftags&post=19901"}],"curies":[{"name":"wp","href":"https:\/\/api.w.org\/{rel}","templated":true}]}}