{"id":19896,"date":"2007-11-28T00:00:00","date_gmt":"2007-11-28T00:00:00","guid":{"rendered":"https:\/\/obscom.intervozes.org.br\/wordpress\/?p=19896"},"modified":"2007-11-28T00:00:00","modified_gmt":"2007-11-28T00:00:00","slug":"pela-internet-helio-costa-concede-entrevista-coletiva-sobre-a-implantacao-da-tv-digital","status":"publish","type":"post","link":"https:\/\/obscom.intervozes.org.br\/?p=19896","title":{"rendered":"Pela internet, H\u00e9lio Costa concede entrevista coletiva sobre a implanta\u00e7\u00e3o da TV digital"},"content":{"rendered":"<p><span class=\"FonteSite\"><\/p>\n<div align=\"justify\">A&nbsp;entrevista coletiva sobre TV digital com o ministro das Comunica&ccedil;&otilde;es, H&eacute;lio Costa, ser&aacute; &agrave;s 15h30 desta quarta-feira (28\/11). <\/p>\n<p>A entrevista ser&aacute; realizada ao vivo pela internet. O p&uacute;blico em geral poder&aacute; acompanhar a apresenta&ccedil;&atilde;o pelos portais <a href=\"\">www.mc.gov.br<\/a>, <a href=\"http:\/\/www.comuniquese.com.br\/\">www.comuniquese.com.br<\/a>, <a href=\"http:\/\/www.ig.com.br\/\">www.ig.com.br<\/a> e pela TV NBr, que pode ser acessada no endere&ccedil;o <a href=\"http:\/\/www.radiobras.gov.br\/\">www.radiobras.gov.br<\/a>. O cadastro da imprensa (para fazer perguntas, tamb&eacute;m pela internet)&nbsp;j&aacute; foi encerrado.<\/div>\n<p><\/span><\/p>\n","protected":false},"excerpt":{"rendered":"<p>A&nbsp;entrevista coletiva sobre TV digital com o ministro das Comunica&ccedil;&otilde;es, H&eacute;lio Costa, ser&aacute; &agrave;s 15h30 desta quarta-feira (28\/11). A entrevista ser&aacute; realizada ao vivo pela internet. O p&uacute;blico em geral poder&aacute; acompanhar a apresenta&ccedil;&atilde;o pelos portais www.mc.gov.br, www.comuniquese.com.br, www.ig.com.br e pela TV NBr, que pode ser acessada no endere&ccedil;o www.radiobras.gov.br. O cadastro da imprensa (para &hellip; <a href=\"https:\/\/obscom.intervozes.org.br\/?p=19896\" class=\"more-link\">Continue lendo <span class=\"screen-reader-text\">Pela internet, H\u00e9lio Costa concede entrevista coletiva sobre a implanta\u00e7\u00e3o da TV digital<\/span> <span class=\"meta-nav\">&rarr;<\/span><\/a><\/p>\n","protected":false},"author":1,"featured_media":0,"comment_status":"open","ping_status":"open","sticky":false,"template":"","format":"standard","meta":{"footnotes":""},"categories":[39],"tags":[],"_links":{"self":[{"href":"https:\/\/obscom.intervozes.org.br\/index.php?rest_route=\/wp\/v2\/posts\/19896"}],"collection":[{"href":"https:\/\/obscom.intervozes.org.br\/index.php?rest_route=\/wp\/v2\/posts"}],"about":[{"href":"https:\/\/obscom.intervozes.org.br\/index.php?rest_route=\/wp\/v2\/types\/post"}],"author":[{"embeddable":true,"href":"https:\/\/obscom.intervozes.org.br\/index.php?rest_route=\/wp\/v2\/users\/1"}],"replies":[{"embeddable":true,"href":"https:\/\/obscom.intervozes.org.br\/index.php?rest_route=%2Fwp%2Fv2%2Fcomments&post=19896"}],"version-history":[{"count":0,"href":"https:\/\/obscom.intervozes.org.br\/index.php?rest_route=\/wp\/v2\/posts\/19896\/revisions"}],"wp:attachment":[{"href":"https:\/\/obscom.intervozes.org.br\/index.php?rest_route=%2Fwp%2Fv2%2Fmedia&parent=19896"}],"wp:term":[{"taxonomy":"category","embeddable":true,"href":"https:\/\/obscom.intervozes.org.br\/index.php?rest_route=%2Fwp%2Fv2%2Fcategories&post=19896"},{"taxonomy":"post_tag","embeddable":true,"href":"https:\/\/obscom.intervozes.org.br\/index.php?rest_route=%2Fwp%2Fv2%2Ftags&post=19896"}],"curies":[{"name":"wp","href":"https:\/\/api.w.org\/{rel}","templated":true}]}}