{"id":19892,"date":"2007-11-27T14:51:21","date_gmt":"2007-11-27T14:51:21","guid":{"rendered":"https:\/\/obscom.intervozes.org.br\/wordpress\/?p=19892"},"modified":"2007-11-27T14:51:21","modified_gmt":"2007-11-27T14:51:21","slug":"comissao-analisa-pl-que-cria-asilo-politico-tecnologico-e-editorial","status":"publish","type":"post","link":"https:\/\/obscom.intervozes.org.br\/?p=19892","title":{"rendered":"Comiss\u00e3o analisa PL que cria &#8216;asilo pol\u00edtico tecnol\u00f3gico e editorial&#8217;"},"content":{"rendered":"<p>A Comiss&atilde;o de Ci&ecirc;ncia, Tecnologia, Inova&ccedil;&atilde;o, Comunica&ccedil;&atilde;o e Inform&aacute;tica (CCT), do Senado, dever&aacute; votar no pr&oacute;ximo dia 28, um projeto de Lei, de autoria do senador Jayme Campos, um tanto pol&ecirc;mico. Ele cria um regime jur&iacute;dico no Brasil para favorecer o &quot;asilo pol&iacute;tico tecnol&oacute;gico e editorial&quot;.<\/p>\n<p>O projeto aparentemente &quot;pegou uma carona&quot;, nos recentes epis&oacute;dios que ocorreram na Venezuela, quando uma emissora privada de televis&atilde;o teve sua concess&atilde;o cancelada pelo presidente venezuelano, Hugo Chaves. <\/p>\n<p>O benef&iacute;cio do asilo ser&aacute; concedido &quot;a profissionais e entidades de comunica&ccedil;&atilde;o social que se vejam perseguidas em fun&ccedil;&atilde;o de suas convic&ccedil;&otilde;es ou de opini&otilde;es pol&iacute;ticas emitidas em seus pa&iacute;ses de origem&quot;.<\/p>\n<p>Para ter o direito de gozar do asilo, o pedido ter&aacute; de ser submetido ao Minist&eacute;rio das Rela&ccedil;&otilde;es Exteriores, a Associa&ccedil;&atilde;o Brasileira de Imprensa &#8211; ABI, a Federa&ccedil;&atilde;o Nacional dos Jornalistas &#8211; FENAJ e a Associa&ccedil;&atilde;o Brasileira das Emissoras de R&aacute;dio e Televis&atilde;o &#8211; ABERT. &quot;Caber&aacute; ao Minist&eacute;rio da Justi&ccedil;a instaurar os competentes procedimentos administrativos, na forma como dispuser a regulamenta&ccedil;&atilde;o editada pelo Poder Executivo&quot;, explica o texto do projeto.<\/p>\n<p>O senador Jayme Campos destacou que &quot;o instituto do asilo configura-se como aut&ecirc;ntico e eficaz mecanismo internacional de prote&ccedil;&atilde;o contra persegui&ccedil;&otilde;es&quot;.<\/p>\n<p>&quot;A novidade de nossa proposi&ccedil;&atilde;o consiste em estatuir uma nova modalidade de asilo pol&iacute;tico que garanta a seus benefici&aacute;rios n&atilde;o s&oacute; o acolhimento do indiv&iacute;duo, mas tamb&eacute;m, a dos meios de divulga&ccedil;&atilde;o das id&eacute;ias por cujo contexto se lhe imp&ocirc;s censura discricion&aacute;ria no pa&iacute;s de origem&quot;. <\/p>\n<p>Pela proposta, um parque gr&aacute;fico, ou uma esta&ccedil;&atilde;o de r&aacute;dio ou de televis&atilde;o, cujos titulares se virem injustamente cassados ou cerceados em seu direito de express&atilde;o, poder&atilde;o manter-se em atividade, a partir de solo brasileiro, gra&ccedil;as ao novo mecanismo proposto.<\/p>\n<p>O senador entende que as entidades de classe representativas das inst&acirc;ncias da Comunica&ccedil;&atilde;o Social do Brasil poder&atilde;o conferir a transpar&ecirc;ncia e credibilidade &agrave;s decis&otilde;es de concess&atilde;o do benef&iacute;cio, bem como de assegurar que tal se d&ecirc; com a manifesta aquiesc&ecirc;ncia da sociedade.<\/p>\n<p>&quot;A liberdade de imprensa &eacute;, a nosso ver, irrenunci&aacute;vel pilar da democracia. A possibilidade de auxiliarmos as na&ccedil;&otilde;es amigas, abrigando seus profissionais e recursos tecnol&oacute;gicos, de modo a proteger-lhes dos arb&iacute;trios da autocracia e da persegui&ccedil;&atilde;o pol&iacute;tica &eacute; o objetivo final da presente proposi&ccedil;&atilde;o&quot;, afirma Jayme Campos.<\/p>\n<p>O senador n&atilde;o levou em conta, que permitir a uma emissora estrangeira que sua programa&ccedil;&atilde;o seja transmitida a partir do solo brasileiro, poder&aacute; trazer complica&ccedil;&otilde;es tecnol&oacute;gicas e diplom&aacute;ticas. O projeto dever&aacute; ser analisado na sess&atilde;o desta quarta-feira da CCT, mas ganhou um parecer pela rejei&ccedil;&atilde;o, do senador Renato Casagrande (PSB-ES).<\/p>\n","protected":false},"excerpt":{"rendered":"<p>A Comiss&atilde;o de Ci&ecirc;ncia, Tecnologia, Inova&ccedil;&atilde;o, Comunica&ccedil;&atilde;o e Inform&aacute;tica (CCT), do Senado, dever&aacute; votar no pr&oacute;ximo dia 28, um projeto de Lei, de autoria do senador Jayme Campos, um tanto pol&ecirc;mico. Ele cria um regime jur&iacute;dico no Brasil para favorecer o &quot;asilo pol&iacute;tico tecnol&oacute;gico e editorial&quot;. O projeto aparentemente &quot;pegou uma carona&quot;, nos recentes epis&oacute;dios &hellip; <a href=\"https:\/\/obscom.intervozes.org.br\/?p=19892\" class=\"more-link\">Continue lendo <span class=\"screen-reader-text\">Comiss\u00e3o analisa PL que cria &#8216;asilo pol\u00edtico tecnol\u00f3gico e editorial&#8217;<\/span> <span class=\"meta-nav\">&rarr;<\/span><\/a><\/p>\n","protected":false},"author":1,"featured_media":0,"comment_status":"open","ping_status":"open","sticky":false,"template":"","format":"standard","meta":{"footnotes":""},"categories":[40],"tags":[407],"_links":{"self":[{"href":"https:\/\/obscom.intervozes.org.br\/index.php?rest_route=\/wp\/v2\/posts\/19892"}],"collection":[{"href":"https:\/\/obscom.intervozes.org.br\/index.php?rest_route=\/wp\/v2\/posts"}],"about":[{"href":"https:\/\/obscom.intervozes.org.br\/index.php?rest_route=\/wp\/v2\/types\/post"}],"author":[{"embeddable":true,"href":"https:\/\/obscom.intervozes.org.br\/index.php?rest_route=\/wp\/v2\/users\/1"}],"replies":[{"embeddable":true,"href":"https:\/\/obscom.intervozes.org.br\/index.php?rest_route=%2Fwp%2Fv2%2Fcomments&post=19892"}],"version-history":[{"count":0,"href":"https:\/\/obscom.intervozes.org.br\/index.php?rest_route=\/wp\/v2\/posts\/19892\/revisions"}],"wp:attachment":[{"href":"https:\/\/obscom.intervozes.org.br\/index.php?rest_route=%2Fwp%2Fv2%2Fmedia&parent=19892"}],"wp:term":[{"taxonomy":"category","embeddable":true,"href":"https:\/\/obscom.intervozes.org.br\/index.php?rest_route=%2Fwp%2Fv2%2Fcategories&post=19892"},{"taxonomy":"post_tag","embeddable":true,"href":"https:\/\/obscom.intervozes.org.br\/index.php?rest_route=%2Fwp%2Fv2%2Ftags&post=19892"}],"curies":[{"name":"wp","href":"https:\/\/api.w.org\/{rel}","templated":true}]}}