{"id":19891,"date":"2007-11-27T14:48:20","date_gmt":"2007-11-27T14:48:20","guid":{"rendered":"https:\/\/obscom.intervozes.org.br\/wordpress\/?p=19891"},"modified":"2007-11-27T14:48:20","modified_gmt":"2007-11-27T14:48:20","slug":"audiencia-na-camara-analisa-monopolio-na-distribuicao-de-revistas","status":"publish","type":"post","link":"https:\/\/obscom.intervozes.org.br\/?p=19891","title":{"rendered":"Audi\u00eancia na C\u00e2mara analisa monop\u00f3lio na distribui\u00e7\u00e3o de revistas"},"content":{"rendered":"<p>As comiss&otilde;es de Defesa do Consumidor; e de Fiscaliza&ccedil;&atilde;o Financeira e Controle discutem nesta quarta-feira (28) a aquisi&ccedil;&atilde;o da empresa Fernando Chinaglia Distribuidora pelo Grupo Abril. Com a compra, alerta o deputado Celso Russomanno (PP-SP), que prop&ocirc;s a realiza&ccedil;&atilde;o da audi&ecirc;ncia, o Grupo Abril ter&aacute; o monop&oacute;lio no mercado de distribui&ccedil;&atilde;o de publica&ccedil;&otilde;es. Segundo o parlamentar, esse monop&oacute;lio pode acarretar preju&iacute;zos para o mercado editorial, para o consumidor e, at&eacute; mesmo, para a liberdade de imprensa. <\/p>\n<p>Foram convidados para discutir a compra:<br \/>&#8211; a secret&aacute;ria de Direito Econ&ocirc;mico (SDE) do Minist&eacute;rio da Justi&ccedil;a, Mariana Tavares;<br \/>&#8211; a presidente do Conselho Administrativo de Defesa Econ&ocirc;mica (Cade), Elizabeth Farina; <br \/>&#8211; o presidente do Grupo Abril, Roberto Civita; <br \/>&#8211; o editor-executivo da revista Isto &Eacute; , Carlos Jos&eacute; Marques; <br \/>&#8211; a publisher da revista &quot;Carta Capital&quot;, Manuela Carta; <br \/>&#8211; o editor da revista &quot;F&oacute;rum&quot; Renato Rovai; <br \/>&#8211; o diretor da editora Escala, Herc&iacute;lio de Lourenzi; <br \/>&#8211; o representante da editora Globo Juan Ocerin; e <br \/>&#8211; o representante da editora Duetto Alfredo Nastari.<\/p>\n<p>A audi&ecirc;ncia est&aacute; marcada para as 14 horas no plen&aacute;rio 8.<\/p>\n","protected":false},"excerpt":{"rendered":"<p>As comiss&otilde;es de Defesa do Consumidor; e de Fiscaliza&ccedil;&atilde;o Financeira e Controle discutem nesta quarta-feira (28) a aquisi&ccedil;&atilde;o da empresa Fernando Chinaglia Distribuidora pelo Grupo Abril. Com a compra, alerta o deputado Celso Russomanno (PP-SP), que prop&ocirc;s a realiza&ccedil;&atilde;o da audi&ecirc;ncia, o Grupo Abril ter&aacute; o monop&oacute;lio no mercado de distribui&ccedil;&atilde;o de publica&ccedil;&otilde;es. Segundo o &hellip; <a href=\"https:\/\/obscom.intervozes.org.br\/?p=19891\" class=\"more-link\">Continue lendo <span class=\"screen-reader-text\">Audi\u00eancia na C\u00e2mara analisa monop\u00f3lio na distribui\u00e7\u00e3o de revistas<\/span> <span class=\"meta-nav\">&rarr;<\/span><\/a><\/p>\n","protected":false},"author":1,"featured_media":0,"comment_status":"open","ping_status":"open","sticky":false,"template":"","format":"standard","meta":{"footnotes":""},"categories":[39],"tags":[],"_links":{"self":[{"href":"https:\/\/obscom.intervozes.org.br\/index.php?rest_route=\/wp\/v2\/posts\/19891"}],"collection":[{"href":"https:\/\/obscom.intervozes.org.br\/index.php?rest_route=\/wp\/v2\/posts"}],"about":[{"href":"https:\/\/obscom.intervozes.org.br\/index.php?rest_route=\/wp\/v2\/types\/post"}],"author":[{"embeddable":true,"href":"https:\/\/obscom.intervozes.org.br\/index.php?rest_route=\/wp\/v2\/users\/1"}],"replies":[{"embeddable":true,"href":"https:\/\/obscom.intervozes.org.br\/index.php?rest_route=%2Fwp%2Fv2%2Fcomments&post=19891"}],"version-history":[{"count":0,"href":"https:\/\/obscom.intervozes.org.br\/index.php?rest_route=\/wp\/v2\/posts\/19891\/revisions"}],"wp:attachment":[{"href":"https:\/\/obscom.intervozes.org.br\/index.php?rest_route=%2Fwp%2Fv2%2Fmedia&parent=19891"}],"wp:term":[{"taxonomy":"category","embeddable":true,"href":"https:\/\/obscom.intervozes.org.br\/index.php?rest_route=%2Fwp%2Fv2%2Fcategories&post=19891"},{"taxonomy":"post_tag","embeddable":true,"href":"https:\/\/obscom.intervozes.org.br\/index.php?rest_route=%2Fwp%2Fv2%2Ftags&post=19891"}],"curies":[{"name":"wp","href":"https:\/\/api.w.org\/{rel}","templated":true}]}}