{"id":19885,"date":"2007-11-27T14:25:33","date_gmt":"2007-11-27T14:25:33","guid":{"rendered":"https:\/\/obscom.intervozes.org.br\/wordpress\/?p=19885"},"modified":"2007-11-27T14:25:33","modified_gmt":"2007-11-27T14:25:33","slug":"observatorio-vai-levantar-numero-de-iniciativas-existentes-no-pais","status":"publish","type":"post","link":"https:\/\/obscom.intervozes.org.br\/?p=19885","title":{"rendered":"Observat\u00f3rio vai levantar n\u00famero de iniciativas existentes no pa\u00eds"},"content":{"rendered":"<p>Um observat&oacute;rio desenvolvido pelo Minist&eacute;rio do Planejamento em parceria com entidades da sociedade civil vai permitir o levantamento do n&uacute;mero de iniciativas de inclus&atilde;o digital existentes no pa&iacute;s.<\/p>\n<p>O projeto de implanta&ccedil;&atilde;o do Observat&oacute;rio Nacional de Inclus&atilde;o Digital (Onid) foi apresentado ontem (26), durante a 6&ordf; Oficina de Inclus&atilde;o Digital, que ocorre at&eacute; quinta-feira (29) em Salvador.<\/p>\n<p>Segundo o secret&aacute;rio-adjunto de Log&iacute;stica e Tecnologia da Informa&ccedil;&atilde;o do Minist&eacute;rio do Planejamento, Rodrigo Assun&ccedil;&atilde;o, atualmente faltam n&uacute;meros para mostrar quantas iniciativas de inclus&atilde;o digital est&atilde;o em andamento no Brasil.<\/p>\n<p>De acordo com ele, com a implanta&ccedil;&atilde;o do observat&oacute;rio ser&aacute; poss&iacute;vel chegar a n&uacute;meros mais precisos. &quot;Antes, um minist&eacute;rio dizia que era apoiava um n&uacute;mero &lsquo;x&rsquo; de projetos de inclus&atilde;o, outro dizia que ajudava outros tantos. Mas, &agrave;s vezes, eles estavam falando dos mesmos projetos. O observat&oacute;rio vai ajudar a saber qual &eacute; o n&uacute;mero real de iniciativas existentes, sem distor&ccedil;&otilde;es de n&uacute;mero&rdquo;, explicou.<\/p>\n<p>Al&eacute;m de saber o quanto se trabalha para promover a inclus&atilde;o digital, o observat&oacute;rio vai identificar as pessoas envolvidas no processo, assim como ajudar a desenvolver a&ccedil;&otilde;es integradas e permitir a troca de informa&ccedil;&otilde;es entre as iniciativas.<\/p>\n<p>Associa&ccedil;&otilde;es comunit&aacute;rias, sindicatos e movimentos sociais podem montar telecentros digitais &ndash; pontos com computadores com acesso &agrave; internet em locais onde for constatado que a popula&ccedil;&atilde;o ainda n&atilde;o possui acesso aos meios de informa&ccedil;&atilde;o &ndash; e recebem o apoio do governo federal.<\/p>\n<p>Agora, o observat&oacute;rio est&aacute; cadastrando todos os telecentros existentes. Os respons&aacute;veis pelas unidades podem preencher um formul&aacute;rio no <a href=\"http:\/\/www.onid.org.br\/\" target=\"_self\">site<\/a> do projeto. Quando o volume dos registros for significativo, o Onid vai divulgar os n&uacute;meros.<\/p>\n<p>Depois de preencher o formul&aacute;rio de cadastro, os respons&aacute;veis tamb&eacute;m devem inclu&iacute;-lo no mapa da inclus&atilde;o, dispon&iacute;vel no site. A id&eacute;ia &eacute; que eles fa&ccedil;am uma marca num grande mapa do Brasil interativo, para formar o Tele Atlas.<\/p>\n<p>&quot;Nossa meta &eacute; que todos os munic&iacute;pios tenham projetos de inclus&atilde;o para ver este mapa cheio&rdquo;, disse Rodrigo Assun&ccedil;&atilde;o. O mapeamento n&atilde;o est&aacute; restrito aos que possuem telecentros. Todos os que desenvolvem projetos, desde que sem fins lucrativos, podem preencher a ficha de cadastro. <\/p>\n","protected":false},"excerpt":{"rendered":"<p>Um observat&oacute;rio desenvolvido pelo Minist&eacute;rio do Planejamento em parceria com entidades da sociedade civil vai permitir o levantamento do n&uacute;mero de iniciativas de inclus&atilde;o digital existentes no pa&iacute;s. O projeto de implanta&ccedil;&atilde;o do Observat&oacute;rio Nacional de Inclus&atilde;o Digital (Onid) foi apresentado ontem (26), durante a 6&ordf; Oficina de Inclus&atilde;o Digital, que ocorre at&eacute; quinta-feira (29) &hellip; <a href=\"https:\/\/obscom.intervozes.org.br\/?p=19885\" class=\"more-link\">Continue lendo <span class=\"screen-reader-text\">Observat\u00f3rio vai levantar n\u00famero de iniciativas existentes no pa\u00eds<\/span> <span class=\"meta-nav\">&rarr;<\/span><\/a><\/p>\n","protected":false},"author":1,"featured_media":0,"comment_status":"open","ping_status":"open","sticky":false,"template":"","format":"standard","meta":{"footnotes":""},"categories":[40],"tags":[105],"_links":{"self":[{"href":"https:\/\/obscom.intervozes.org.br\/index.php?rest_route=\/wp\/v2\/posts\/19885"}],"collection":[{"href":"https:\/\/obscom.intervozes.org.br\/index.php?rest_route=\/wp\/v2\/posts"}],"about":[{"href":"https:\/\/obscom.intervozes.org.br\/index.php?rest_route=\/wp\/v2\/types\/post"}],"author":[{"embeddable":true,"href":"https:\/\/obscom.intervozes.org.br\/index.php?rest_route=\/wp\/v2\/users\/1"}],"replies":[{"embeddable":true,"href":"https:\/\/obscom.intervozes.org.br\/index.php?rest_route=%2Fwp%2Fv2%2Fcomments&post=19885"}],"version-history":[{"count":0,"href":"https:\/\/obscom.intervozes.org.br\/index.php?rest_route=\/wp\/v2\/posts\/19885\/revisions"}],"wp:attachment":[{"href":"https:\/\/obscom.intervozes.org.br\/index.php?rest_route=%2Fwp%2Fv2%2Fmedia&parent=19885"}],"wp:term":[{"taxonomy":"category","embeddable":true,"href":"https:\/\/obscom.intervozes.org.br\/index.php?rest_route=%2Fwp%2Fv2%2Fcategories&post=19885"},{"taxonomy":"post_tag","embeddable":true,"href":"https:\/\/obscom.intervozes.org.br\/index.php?rest_route=%2Fwp%2Fv2%2Ftags&post=19885"}],"curies":[{"name":"wp","href":"https:\/\/api.w.org\/{rel}","templated":true}]}}