{"id":19881,"date":"2007-11-26T17:05:51","date_gmt":"2007-11-26T17:05:51","guid":{"rendered":"https:\/\/obscom.intervozes.org.br\/wordpress\/?p=19881"},"modified":"2014-09-07T02:54:31","modified_gmt":"2014-09-07T02:54:31","slug":"segundo-turno-das-eleicoes-para-o-comite-gestor-da-internet-no-brasil-acontece-de-25-a-2711","status":"publish","type":"post","link":"https:\/\/obscom.intervozes.org.br\/?p=19881","title":{"rendered":"Segundo turno das elei\u00e7\u00f5es para o Comit\u00ea Gestor da Internet no Brasil acontece de 25 a 27\/11"},"content":{"rendered":"<p>Acontece entre os dias 25 e 27 de novembro o segundo turno das elei&ccedil;&otilde;es para o Comit&ecirc; Gestor da Internet no Brasil, onde duas vagas ainda est&atilde;o em disputa. No terceiro setor, houve empate entre os candidatos Everton dos Santos Rodrigues, indicado pela Federa&ccedil;&atilde;o dos Banc&aacute;rios do Rio Grande do Sul e Marcelo Fernandes Costa, indicado pelo&nbsp; Comit&ecirc; pela Democratiza&ccedil;&atilde;o da Inform&aacute;tica de Pernambuco, ambos com 25 votos cada. <\/p>\n<p>No setor empresarial, a vaga para os Provedores de Infraestrutura de Telecomunica&ccedil;&otilde;es est&aacute; entre Alexandre Annenberg Netto e Ercio Alberto Zilli, que tiveram quatro votos no primeiro turno. Os que vencerem a disputa se juntam aos outros 11 j&aacute; eleitos em primeiro turno [<a href=\"http:\/\/localhost\/intervozes_direitoacomunicacao\/wordpress\/?p=19715\">clique aqui e veja a lista completa<\/a>]. Os perdedores assumem automaticamente a primeira supl&ecirc;ncia.<\/p>\n","protected":false},"excerpt":{"rendered":"<p>Acontece entre os dias 25 e 27 de novembro o segundo turno das elei&ccedil;&otilde;es para o Comit&ecirc; Gestor da Internet no Brasil, onde duas vagas ainda est&atilde;o em disputa. No terceiro setor, houve empate entre os candidatos Everton dos Santos Rodrigues, indicado pela Federa&ccedil;&atilde;o dos Banc&aacute;rios do Rio Grande do Sul e Marcelo Fernandes Costa, &hellip; <a href=\"https:\/\/obscom.intervozes.org.br\/?p=19881\" class=\"more-link\">Continue lendo <span class=\"screen-reader-text\">Segundo turno das elei\u00e7\u00f5es para o Comit\u00ea Gestor da Internet no Brasil acontece de 25 a 27\/11<\/span> <span class=\"meta-nav\">&rarr;<\/span><\/a><\/p>\n","protected":false},"author":1,"featured_media":0,"comment_status":"open","ping_status":"open","sticky":false,"template":"","format":"standard","meta":{"footnotes":""},"categories":[39],"tags":[],"_links":{"self":[{"href":"https:\/\/obscom.intervozes.org.br\/index.php?rest_route=\/wp\/v2\/posts\/19881"}],"collection":[{"href":"https:\/\/obscom.intervozes.org.br\/index.php?rest_route=\/wp\/v2\/posts"}],"about":[{"href":"https:\/\/obscom.intervozes.org.br\/index.php?rest_route=\/wp\/v2\/types\/post"}],"author":[{"embeddable":true,"href":"https:\/\/obscom.intervozes.org.br\/index.php?rest_route=\/wp\/v2\/users\/1"}],"replies":[{"embeddable":true,"href":"https:\/\/obscom.intervozes.org.br\/index.php?rest_route=%2Fwp%2Fv2%2Fcomments&post=19881"}],"version-history":[{"count":1,"href":"https:\/\/obscom.intervozes.org.br\/index.php?rest_route=\/wp\/v2\/posts\/19881\/revisions"}],"predecessor-version":[{"id":27794,"href":"https:\/\/obscom.intervozes.org.br\/index.php?rest_route=\/wp\/v2\/posts\/19881\/revisions\/27794"}],"wp:attachment":[{"href":"https:\/\/obscom.intervozes.org.br\/index.php?rest_route=%2Fwp%2Fv2%2Fmedia&parent=19881"}],"wp:term":[{"taxonomy":"category","embeddable":true,"href":"https:\/\/obscom.intervozes.org.br\/index.php?rest_route=%2Fwp%2Fv2%2Fcategories&post=19881"},{"taxonomy":"post_tag","embeddable":true,"href":"https:\/\/obscom.intervozes.org.br\/index.php?rest_route=%2Fwp%2Fv2%2Ftags&post=19881"}],"curies":[{"name":"wp","href":"https:\/\/api.w.org\/{rel}","templated":true}]}}