{"id":19880,"date":"2007-11-26T16:23:11","date_gmt":"2007-11-26T16:23:11","guid":{"rendered":"https:\/\/obscom.intervozes.org.br\/wordpress\/?p=19880"},"modified":"2007-11-26T16:23:11","modified_gmt":"2007-11-26T16:23:11","slug":"infobras-provoca-mudanca-na-licitacao-do-gesac","status":"publish","type":"post","link":"https:\/\/obscom.intervozes.org.br\/?p=19880","title":{"rendered":"Infobr\u00e1s provoca mudan\u00e7a na licita\u00e7\u00e3o do Gesac"},"content":{"rendered":"<p><span>Embora o governo Lula ainda n&atilde;o tenha claro como ser&aacute; desenvolvido o Plano Nacional de Banda Larga e se ele ser&aacute; apoiado ou n&atilde;o em uma empresa estatal, esta possibilidade j&aacute; afetou a licita&ccedil;&atilde;o do Gesac, do Minist&eacute;rio das Comunica&ccedil;&otilde;es, conforme publicou a newsletter Tele.S&iacute;ntese An&aacute;lise. O edital, para a contrata&ccedil;&atilde;o de 20 mil pontos de acesso banda larga vai sair, este ano, apenas com 12 mil pontos, a serem cobertos por conex&otilde;es via sat&eacute;lite. Os demais 8 mil pontos, que seriam atendidos por conex&otilde;es terrestres em qualquer tecnologia, ser&atilde;o licitados s&oacute; no pr&oacute;ximo ano. <\/p>\n<p><\/span><span>O desmembramento, segundo fontes do governo, foi solicitado pelo grupo de trabalho que discute a pol&iacute;tica nacional de banda larga e a cria&ccedil;&atilde;o de uma empresa estatal para prestar o servi&ccedil;o. Isso porque, pela proposta do Minist&eacute;rio das Comunica&ccedil;&otilde;es, a licita&ccedil;&atilde;o cobriria um prazo de cinco anos, considerado muito longo frente ao que pode ser uma nova realidade. Assim, segundo a mesma fonte, a licita&ccedil;&atilde;o desses 8 mil pontos cobrir&aacute; um per&iacute;odo de apenas 12 meses, ao final do quais as escolas e os demais pontos p&uacute;blicos passar&atilde;o a ser atendidos ou pela infovia p&uacute;blica ou por quem for prover a &uacute;ltima milha, de acordo com a pol&iacute;tica que vier a ser definida. <\/p>\n<p><\/span><span>&ldquo;&Eacute; verdade que a cria&ccedil;&atilde;o da infovia p&uacute;blica interferiu na licita&ccedil;&atilde;o do Gesac, porque estamos discutindo uma pol&iacute;tica global. Mas essa mudan&ccedil;a n&atilde;o significa, ainda, que uma decis&atilde;o tenha sido adotada&rdquo;, relata outra fonte. <\/span><\/p>\n","protected":false},"excerpt":{"rendered":"<p>Embora o governo Lula ainda n&atilde;o tenha claro como ser&aacute; desenvolvido o Plano Nacional de Banda Larga e se ele ser&aacute; apoiado ou n&atilde;o em uma empresa estatal, esta possibilidade j&aacute; afetou a licita&ccedil;&atilde;o do Gesac, do Minist&eacute;rio das Comunica&ccedil;&otilde;es, conforme publicou a newsletter Tele.S&iacute;ntese An&aacute;lise. O edital, para a contrata&ccedil;&atilde;o de 20 mil pontos &hellip; <a href=\"https:\/\/obscom.intervozes.org.br\/?p=19880\" class=\"more-link\">Continue lendo <span class=\"screen-reader-text\">Infobr\u00e1s provoca mudan\u00e7a na licita\u00e7\u00e3o do Gesac<\/span> <span class=\"meta-nav\">&rarr;<\/span><\/a><\/p>\n","protected":false},"author":1,"featured_media":0,"comment_status":"open","ping_status":"open","sticky":false,"template":"","format":"standard","meta":{"footnotes":""},"categories":[40],"tags":[545],"_links":{"self":[{"href":"https:\/\/obscom.intervozes.org.br\/index.php?rest_route=\/wp\/v2\/posts\/19880"}],"collection":[{"href":"https:\/\/obscom.intervozes.org.br\/index.php?rest_route=\/wp\/v2\/posts"}],"about":[{"href":"https:\/\/obscom.intervozes.org.br\/index.php?rest_route=\/wp\/v2\/types\/post"}],"author":[{"embeddable":true,"href":"https:\/\/obscom.intervozes.org.br\/index.php?rest_route=\/wp\/v2\/users\/1"}],"replies":[{"embeddable":true,"href":"https:\/\/obscom.intervozes.org.br\/index.php?rest_route=%2Fwp%2Fv2%2Fcomments&post=19880"}],"version-history":[{"count":0,"href":"https:\/\/obscom.intervozes.org.br\/index.php?rest_route=\/wp\/v2\/posts\/19880\/revisions"}],"wp:attachment":[{"href":"https:\/\/obscom.intervozes.org.br\/index.php?rest_route=%2Fwp%2Fv2%2Fmedia&parent=19880"}],"wp:term":[{"taxonomy":"category","embeddable":true,"href":"https:\/\/obscom.intervozes.org.br\/index.php?rest_route=%2Fwp%2Fv2%2Fcategories&post=19880"},{"taxonomy":"post_tag","embeddable":true,"href":"https:\/\/obscom.intervozes.org.br\/index.php?rest_route=%2Fwp%2Fv2%2Ftags&post=19880"}],"curies":[{"name":"wp","href":"https:\/\/api.w.org\/{rel}","templated":true}]}}