{"id":19879,"date":"2007-11-26T16:01:33","date_gmt":"2007-11-26T16:01:33","guid":{"rendered":"https:\/\/obscom.intervozes.org.br\/wordpress\/?p=19879"},"modified":"2007-11-26T16:01:33","modified_gmt":"2007-11-26T16:01:33","slug":"ministerio-da-cultura-lanca-programa-de-fomento-a-producao-audiovisual","status":"publish","type":"post","link":"https:\/\/obscom.intervozes.org.br\/?p=19879","title":{"rendered":"Minist\u00e9rio da Cultura lan\u00e7a programa de fomento \u00e0 produ\u00e7\u00e3o audiovisual"},"content":{"rendered":"<p><span>Embora j&aacute; tenha confirmado que em 2008 deixar&aacute; o Minist&eacute;rio da Cultura, Gilberto Gil continua a estabelecer pol&iacute;ticas de est&iacute;mulo &agrave; produ&ccedil;&atilde;o cultural brasileira. Hoje, o minist&eacute;rio instituiu o programa de fomento &agrave; produ&ccedil;&atilde;o audiovisual brasileira,&nbsp; que ter&aacute; como objetivo consolidar a pol&iacute;tica de incentivo do setor. O programa ir&aacute; selecionar os projetos a serem financiados por meio de licita&ccedil;&atilde;o. <\/p>\n<p><\/span><span>O edital de apoio &agrave; produ&ccedil;&atilde;o de obras in&eacute;ditas de longa metragem selecionar&aacute; no m&iacute;nimo cinco projetos e destinar&aacute; incentivo individual de at&eacute; R$ 1 milh&atilde;o. A licita&ccedil;&atilde;o para&nbsp; obras de curta metragem, do tipo document&aacute;rio ou experimental, vai escolher 20 projetos que receber&atilde;o&nbsp; R$ 80 mil cada. Para&nbsp; obras de curta metragem, com tem&aacute;tica infanto-juvenil, ser&atilde;o selecionados 20 projetos com incentivos de R$ 60 mil.&nbsp; Obras de curta metragem do g&ecirc;nero anima&ccedil;&atilde;o v&atilde;o receber R$ 60 mil e ser&atilde;o escolhidos dez projetos.&nbsp; <\/p>\n<p>Roteiros cinematogr&aacute;ficos receber&atilde;o R$ 50 mil e ser&atilde;o escolhidos&nbsp; 10 projetos. A s&eacute;rie de anima&ccedil;&atilde;o para a televis&atilde;o ter&aacute;&nbsp; dez trabalhos selecionados, com R$ 30 mil cada; e o edital das obras digitais de curta metragem, document&aacute;rio ou experimental,&nbsp; realizadas por&nbsp; egressos de projetos sociais, selecionar&aacute; 20 projetos de R$ 30 mil cada.&nbsp; <\/span><\/p>\n","protected":false},"excerpt":{"rendered":"<p>Embora j&aacute; tenha confirmado que em 2008 deixar&aacute; o Minist&eacute;rio da Cultura, Gilberto Gil continua a estabelecer pol&iacute;ticas de est&iacute;mulo &agrave; produ&ccedil;&atilde;o cultural brasileira. Hoje, o minist&eacute;rio instituiu o programa de fomento &agrave; produ&ccedil;&atilde;o audiovisual brasileira,&nbsp; que ter&aacute; como objetivo consolidar a pol&iacute;tica de incentivo do setor. O programa ir&aacute; selecionar os projetos a serem &hellip; <a href=\"https:\/\/obscom.intervozes.org.br\/?p=19879\" class=\"more-link\">Continue lendo <span class=\"screen-reader-text\">Minist\u00e9rio da Cultura lan\u00e7a programa de fomento \u00e0 produ\u00e7\u00e3o audiovisual<\/span> <span class=\"meta-nav\">&rarr;<\/span><\/a><\/p>\n","protected":false},"author":1,"featured_media":0,"comment_status":"open","ping_status":"open","sticky":false,"template":"","format":"standard","meta":{"footnotes":""},"categories":[40],"tags":[234],"_links":{"self":[{"href":"https:\/\/obscom.intervozes.org.br\/index.php?rest_route=\/wp\/v2\/posts\/19879"}],"collection":[{"href":"https:\/\/obscom.intervozes.org.br\/index.php?rest_route=\/wp\/v2\/posts"}],"about":[{"href":"https:\/\/obscom.intervozes.org.br\/index.php?rest_route=\/wp\/v2\/types\/post"}],"author":[{"embeddable":true,"href":"https:\/\/obscom.intervozes.org.br\/index.php?rest_route=\/wp\/v2\/users\/1"}],"replies":[{"embeddable":true,"href":"https:\/\/obscom.intervozes.org.br\/index.php?rest_route=%2Fwp%2Fv2%2Fcomments&post=19879"}],"version-history":[{"count":0,"href":"https:\/\/obscom.intervozes.org.br\/index.php?rest_route=\/wp\/v2\/posts\/19879\/revisions"}],"wp:attachment":[{"href":"https:\/\/obscom.intervozes.org.br\/index.php?rest_route=%2Fwp%2Fv2%2Fmedia&parent=19879"}],"wp:term":[{"taxonomy":"category","embeddable":true,"href":"https:\/\/obscom.intervozes.org.br\/index.php?rest_route=%2Fwp%2Fv2%2Fcategories&post=19879"},{"taxonomy":"post_tag","embeddable":true,"href":"https:\/\/obscom.intervozes.org.br\/index.php?rest_route=%2Fwp%2Fv2%2Ftags&post=19879"}],"curies":[{"name":"wp","href":"https:\/\/api.w.org\/{rel}","templated":true}]}}