{"id":19877,"date":"2007-11-26T15:51:16","date_gmt":"2007-11-26T15:51:16","guid":{"rendered":"https:\/\/obscom.intervozes.org.br\/wordpress\/?p=19877"},"modified":"2007-11-26T15:51:16","modified_gmt":"2007-11-26T15:51:16","slug":"presenca-da-cultura-negra-na-midia-e-escassa-avalia-presidente-da-fundacao-palmares","status":"publish","type":"post","link":"https:\/\/obscom.intervozes.org.br\/?p=19877","title":{"rendered":"Presen\u00e7a da cultura negra na m\u00eddia \u00e9 &#8220;escassa&#8221;, avalia presidente da Funda\u00e7\u00e3o Palmares"},"content":{"rendered":"<p>Bras&iacute;lia &#8211; A presen&ccedil;a da cultura negra nos meios de comunica&ccedil;&atilde;o brasileiros &ldquo;ainda &eacute; muito escassa&rdquo; e a respons&aacute;vel por isso &eacute; a grande m&iacute;dia, que &ldquo;n&atilde;o expressa a cultura negra brasileira com import&acirc;ncia e extens&atilde;o&rdquo;. A avalia&ccedil;&atilde;o &eacute; do presidente da Funda&ccedil;&atilde;o Cultural Palmares, Zulu Ara&uacute;jo. Segundo ele, al&eacute;m de dificultar o acesso a essa cultura, a m&iacute;dia ainda promove um processo de discrimina&ccedil;&atilde;o.<\/p>\n<p>O presidente da funda&ccedil;&atilde;o cita como exemplo o tratamento dado &agrave; quest&atilde;o quilombola, que, segundo ele, ainda &eacute; muito restrito a um pequeno grupo de formadores de opini&atilde;o.<\/p>\n<p>&quot;Uma parcela da sociedade ainda se recusa a reconhecer que este pa&iacute;s foi escravocrata e os remanescentes dos quilombos s&atilde;o o espelho vivo do que foi a persegui&ccedil;&atilde;o escravocrata no Brasil&rdquo;, diz.<\/p>\n<p>Segundo Ara&uacute;jo, h&aacute; ainda a quest&atilde;o fundi&aacute;ria envolvida na luta para reconhecer as comunidades quilombolas. &quot;Juntou esse processo racista que ainda existe na sociedade brasileira com o conservadorismo da &aacute;rea fundi&aacute;ria, e se acaba negando o direito de acesso &agrave; terra destinado aos descendentes de quilombos&quot;, acrescentou.<\/p>\n<p>O presidente disse ainda que a cultura negra est&aacute; muito inserida na sociedade brasileira, principalmente nos setores mais populares, fazendo com que a cultura negra se confunda com a cultura popular.<\/p>\n<p>&quot;As manifesta&ccedil;&otilde;es culturais n&atilde;o podem ter hierarquia, pois, na verdade, elas s&atilde;o apenas distintas. N&atilde;o h&aacute; a m&aacute; cultura e a boa cultura, o que h&aacute; s&atilde;o formas distintas de express&atilde;o&quot;, diz.<\/p>\n","protected":false},"excerpt":{"rendered":"<p>Bras&iacute;lia &#8211; A presen&ccedil;a da cultura negra nos meios de comunica&ccedil;&atilde;o brasileiros &ldquo;ainda &eacute; muito escassa&rdquo; e a respons&aacute;vel por isso &eacute; a grande m&iacute;dia, que &ldquo;n&atilde;o expressa a cultura negra brasileira com import&acirc;ncia e extens&atilde;o&rdquo;. A avalia&ccedil;&atilde;o &eacute; do presidente da Funda&ccedil;&atilde;o Cultural Palmares, Zulu Ara&uacute;jo. Segundo ele, al&eacute;m de dificultar o acesso a &hellip; <a href=\"https:\/\/obscom.intervozes.org.br\/?p=19877\" class=\"more-link\">Continue lendo <span class=\"screen-reader-text\">Presen\u00e7a da cultura negra na m\u00eddia \u00e9 &#8220;escassa&#8221;, avalia presidente da Funda\u00e7\u00e3o Palmares<\/span> <span class=\"meta-nav\">&rarr;<\/span><\/a><\/p>\n","protected":false},"author":1,"featured_media":0,"comment_status":"open","ping_status":"open","sticky":false,"template":"","format":"standard","meta":{"footnotes":""},"categories":[40],"tags":[393],"_links":{"self":[{"href":"https:\/\/obscom.intervozes.org.br\/index.php?rest_route=\/wp\/v2\/posts\/19877"}],"collection":[{"href":"https:\/\/obscom.intervozes.org.br\/index.php?rest_route=\/wp\/v2\/posts"}],"about":[{"href":"https:\/\/obscom.intervozes.org.br\/index.php?rest_route=\/wp\/v2\/types\/post"}],"author":[{"embeddable":true,"href":"https:\/\/obscom.intervozes.org.br\/index.php?rest_route=\/wp\/v2\/users\/1"}],"replies":[{"embeddable":true,"href":"https:\/\/obscom.intervozes.org.br\/index.php?rest_route=%2Fwp%2Fv2%2Fcomments&post=19877"}],"version-history":[{"count":0,"href":"https:\/\/obscom.intervozes.org.br\/index.php?rest_route=\/wp\/v2\/posts\/19877\/revisions"}],"wp:attachment":[{"href":"https:\/\/obscom.intervozes.org.br\/index.php?rest_route=%2Fwp%2Fv2%2Fmedia&parent=19877"}],"wp:term":[{"taxonomy":"category","embeddable":true,"href":"https:\/\/obscom.intervozes.org.br\/index.php?rest_route=%2Fwp%2Fv2%2Fcategories&post=19877"},{"taxonomy":"post_tag","embeddable":true,"href":"https:\/\/obscom.intervozes.org.br\/index.php?rest_route=%2Fwp%2Fv2%2Ftags&post=19877"}],"curies":[{"name":"wp","href":"https:\/\/api.w.org\/{rel}","templated":true}]}}