{"id":19872,"date":"2007-11-26T12:15:30","date_gmt":"2007-11-26T12:15:30","guid":{"rendered":"https:\/\/obscom.intervozes.org.br\/wordpress\/?p=19872"},"modified":"2007-11-26T12:15:30","modified_gmt":"2007-11-26T12:15:30","slug":"comissao-de-ciencia-e-tecnologia-da-camara-realiza-audiencia-sobre-mp-da-tv-brasil","status":"publish","type":"post","link":"https:\/\/obscom.intervozes.org.br\/?p=19872","title":{"rendered":"Comiss\u00e3o de Ci\u00eancia e Tecnologia da C\u00e2mara realiza audi\u00eancia sobre MP da TV Brasil"},"content":{"rendered":"<p>A Comiss&atilde;o de Ci&ecirc;ncia e Tecnologia da C&acirc;mara (CCTI) promove na pr&oacute;xima quarta-feira, 28\/11,&nbsp;audi&ecirc;ncia sobre a implanta&ccedil;&atilde;o da TV P&uacute;blica (Empresa Brasil de Comunica&ccedil;&atilde;o), institu&iacute;da pela Medida Provis&oacute;ria 398\/2007. O deputado Walter Pinheiro pretende aproveitar as sugest&otilde;es apresentadas durante a audi&ecirc;ncia p&uacute;blica para subsidiar a produ&ccedil;&atilde;o de um relat&oacute;rio que contemple os amplos interesses do pa&iacute;s e dos agentes p&uacute;blicos envolvidos neste tema, antes de sua efetiva discuss&atilde;o no plen&aacute;rio da C&acirc;mara.<\/p>\n<p>Foram convidados para a audi&ecirc;ncia o ministro Franklin Martins (Secretaria de Comunica&ccedil;&atilde;o), a presidente da EBC (Empresa Brasil de Comunica&ccedil;&atilde;o), Tereza Cruvinel, representantes dos minist&eacute;rios das Comunica&ccedil;&otilde;es e da Cultura, da Ancine (Ag&ecirc;ncia Nacional do Cinema), da Anatel (Ag&ecirc;ncia Nacional de Telecomunica&ccedil;&otilde;es), de diversas associa&ccedil;&otilde;es, universidades e entidades envolvidas no debate sobre a TV p&uacute;blica e tamb&eacute;m das TVs C&acirc;mara e Senado.<\/p>\n<p>A audi&ecirc;ncia acontecer&aacute; a partir das 9h30min, no plen&aacute;rio 13 da C&acirc;mara dos Deputados.<\/p>\n","protected":false},"excerpt":{"rendered":"<p>A Comiss&atilde;o de Ci&ecirc;ncia e Tecnologia da C&acirc;mara (CCTI) promove na pr&oacute;xima quarta-feira, 28\/11,&nbsp;audi&ecirc;ncia sobre a implanta&ccedil;&atilde;o da TV P&uacute;blica (Empresa Brasil de Comunica&ccedil;&atilde;o), institu&iacute;da pela Medida Provis&oacute;ria 398\/2007. O deputado Walter Pinheiro pretende aproveitar as sugest&otilde;es apresentadas durante a audi&ecirc;ncia p&uacute;blica para subsidiar a produ&ccedil;&atilde;o de um relat&oacute;rio que contemple os amplos interesses do &hellip; <a href=\"https:\/\/obscom.intervozes.org.br\/?p=19872\" class=\"more-link\">Continue lendo <span class=\"screen-reader-text\">Comiss\u00e3o de Ci\u00eancia e Tecnologia da C\u00e2mara realiza audi\u00eancia sobre MP da TV Brasil<\/span> <span class=\"meta-nav\">&rarr;<\/span><\/a><\/p>\n","protected":false},"author":1,"featured_media":0,"comment_status":"open","ping_status":"open","sticky":false,"template":"","format":"standard","meta":{"footnotes":""},"categories":[39],"tags":[],"_links":{"self":[{"href":"https:\/\/obscom.intervozes.org.br\/index.php?rest_route=\/wp\/v2\/posts\/19872"}],"collection":[{"href":"https:\/\/obscom.intervozes.org.br\/index.php?rest_route=\/wp\/v2\/posts"}],"about":[{"href":"https:\/\/obscom.intervozes.org.br\/index.php?rest_route=\/wp\/v2\/types\/post"}],"author":[{"embeddable":true,"href":"https:\/\/obscom.intervozes.org.br\/index.php?rest_route=\/wp\/v2\/users\/1"}],"replies":[{"embeddable":true,"href":"https:\/\/obscom.intervozes.org.br\/index.php?rest_route=%2Fwp%2Fv2%2Fcomments&post=19872"}],"version-history":[{"count":0,"href":"https:\/\/obscom.intervozes.org.br\/index.php?rest_route=\/wp\/v2\/posts\/19872\/revisions"}],"wp:attachment":[{"href":"https:\/\/obscom.intervozes.org.br\/index.php?rest_route=%2Fwp%2Fv2%2Fmedia&parent=19872"}],"wp:term":[{"taxonomy":"category","embeddable":true,"href":"https:\/\/obscom.intervozes.org.br\/index.php?rest_route=%2Fwp%2Fv2%2Fcategories&post=19872"},{"taxonomy":"post_tag","embeddable":true,"href":"https:\/\/obscom.intervozes.org.br\/index.php?rest_route=%2Fwp%2Fv2%2Ftags&post=19872"}],"curies":[{"name":"wp","href":"https:\/\/api.w.org\/{rel}","templated":true}]}}