{"id":19869,"date":"2007-11-23T20:03:27","date_gmt":"2007-11-23T20:03:27","guid":{"rendered":"https:\/\/obscom.intervozes.org.br\/wordpress\/?p=19869"},"modified":"2007-11-23T20:03:27","modified_gmt":"2007-11-23T20:03:27","slug":"aquisicao-da-chinaglia-pela-abril-sera-tema-de-audiencia-publica-na-camara","status":"publish","type":"post","link":"https:\/\/obscom.intervozes.org.br\/?p=19869","title":{"rendered":"Aquisi\u00e7\u00e3o da Chinaglia pela Abril ser\u00e1 tema de audi\u00eancia p\u00fablica na C\u00e2mara"},"content":{"rendered":"<p>As Comiss&otilde;es de Defesa do Consumidor e de Fiscaliza&ccedil;&atilde;o Financeira e Controle da C&acirc;mara dos Deputados aprovaram, na &uacute;ltima quarta-feira (21), a realiza&ccedil;&atilde;o de uma audi&ecirc;ncia p&uacute;blica conjunta para debater a aquisi&ccedil;&atilde;o, pelo Grupo Abril, da Fernando Chinaglia Distribuidora.<\/p>\n<p>A audi&ecirc;ncia ocorrer&aacute; a pedido do deputado Devanir Ribeiro (PT -SP). Segundo ele, a nova empresa criada com a fus&atilde;o entre Dinap, do Grupo Abril, e Chinaglia poder&aacute; criar problemas para as revistas concorrentes. A audi&ecirc;ncia ser&aacute; realizada na pr&oacute;xima semana, com a presen&ccedil;a de representantes de editoras, revistas e das duas distribuidoras. O deputado Devanir Ribeiro sugeriu convites a diversos representantes de empresas e publica&ccedil;&otilde;es eventualmente afetadas pelo neg&oacute;cio. <\/p>\n<p>As informa&ccedil;&otilde;es s&atilde;o do site do Partido dos Trabalhadores.<\/p>\n","protected":false},"excerpt":{"rendered":"<p>As Comiss&otilde;es de Defesa do Consumidor e de Fiscaliza&ccedil;&atilde;o Financeira e Controle da C&acirc;mara dos Deputados aprovaram, na &uacute;ltima quarta-feira (21), a realiza&ccedil;&atilde;o de uma audi&ecirc;ncia p&uacute;blica conjunta para debater a aquisi&ccedil;&atilde;o, pelo Grupo Abril, da Fernando Chinaglia Distribuidora. A audi&ecirc;ncia ocorrer&aacute; a pedido do deputado Devanir Ribeiro (PT -SP). Segundo ele, a nova empresa &hellip; <a href=\"https:\/\/obscom.intervozes.org.br\/?p=19869\" class=\"more-link\">Continue lendo <span class=\"screen-reader-text\">Aquisi\u00e7\u00e3o da Chinaglia pela Abril ser\u00e1 tema de audi\u00eancia p\u00fablica na C\u00e2mara<\/span> <span class=\"meta-nav\">&rarr;<\/span><\/a><\/p>\n","protected":false},"author":1,"featured_media":0,"comment_status":"open","ping_status":"open","sticky":false,"template":"","format":"standard","meta":{"footnotes":""},"categories":[39],"tags":[],"_links":{"self":[{"href":"https:\/\/obscom.intervozes.org.br\/index.php?rest_route=\/wp\/v2\/posts\/19869"}],"collection":[{"href":"https:\/\/obscom.intervozes.org.br\/index.php?rest_route=\/wp\/v2\/posts"}],"about":[{"href":"https:\/\/obscom.intervozes.org.br\/index.php?rest_route=\/wp\/v2\/types\/post"}],"author":[{"embeddable":true,"href":"https:\/\/obscom.intervozes.org.br\/index.php?rest_route=\/wp\/v2\/users\/1"}],"replies":[{"embeddable":true,"href":"https:\/\/obscom.intervozes.org.br\/index.php?rest_route=%2Fwp%2Fv2%2Fcomments&post=19869"}],"version-history":[{"count":0,"href":"https:\/\/obscom.intervozes.org.br\/index.php?rest_route=\/wp\/v2\/posts\/19869\/revisions"}],"wp:attachment":[{"href":"https:\/\/obscom.intervozes.org.br\/index.php?rest_route=%2Fwp%2Fv2%2Fmedia&parent=19869"}],"wp:term":[{"taxonomy":"category","embeddable":true,"href":"https:\/\/obscom.intervozes.org.br\/index.php?rest_route=%2Fwp%2Fv2%2Fcategories&post=19869"},{"taxonomy":"post_tag","embeddable":true,"href":"https:\/\/obscom.intervozes.org.br\/index.php?rest_route=%2Fwp%2Fv2%2Ftags&post=19869"}],"curies":[{"name":"wp","href":"https:\/\/api.w.org\/{rel}","templated":true}]}}