{"id":19866,"date":"2007-11-23T18:52:27","date_gmt":"2007-11-23T18:52:27","guid":{"rendered":"https:\/\/obscom.intervozes.org.br\/wordpress\/?p=19866"},"modified":"2007-11-23T18:52:27","modified_gmt":"2007-11-23T18:52:27","slug":"empresa-brasil-de-comunicacao-tera-sistema-de-radio-com-oito-emissoras","status":"publish","type":"post","link":"https:\/\/obscom.intervozes.org.br\/?p=19866","title":{"rendered":"Empresa Brasil de Comunica\u00e7\u00e3o ter\u00e1 sistema de r\u00e1dio com oito emissoras"},"content":{"rendered":"<p>O foco das aten&ccedil;&otilde;es est&aacute; na TV Brasil, que tem estr&eacute;ia prevista para 02\/12, mas a Empresa Brasil de Comunica&ccedil;&atilde;o (EBC) j&aacute; se movimenta no campo do r&aacute;dio. Com a fus&atilde;o da Radiobr&aacute;s com a Acerp, a empresa ter&aacute; oito emissoras &agrave; sua disposi&ccedil;&atilde;o. A id&eacute;ia &eacute; que as r&aacute;dios formem um sistema.<\/p>\n<p>&ldquo;Desde o in&iacute;cio do processo, os grupos de trabalho da Radiobr&aacute;s e da TVE t&ecirc;m discutido as r&aacute;dios. &Eacute; o que tem mais alcance da popula&ccedil;&atilde;o. O sistema ter&aacute; desde a R&aacute;dio Nacional da Amaz&ocirc;nia, de informa&ccedil;&atilde;o, at&eacute; a R&aacute;dio MEC, de m&uacute;sica cl&aacute;ssica. S&atilde;o r&aacute;dios com voca&ccedil;&otilde;es diferentes, mas as emissoras ter&atilde;o momentos de encontros, sobretudo no jornalismo&rdquo;, diz a diretora de jornalismo da Radiobr&aacute;s Helenise Brant.<\/p>\n<p>Participante do I F&oacute;rum de R&aacute;dios P&uacute;blicas, Helenise informa que as r&aacute;dios ser&atilde;o agrupadas em quatro troncos: jornalismo, Amaz&ocirc;nia, musical e educativo\/cultural. Mesmo com os diferentes perfis e frequ&ecirc;ncias, as emissoras ter&atilde;o acesso a uma &ldquo;cesta&rdquo; comum, em que poder&atilde;o trocar programas.<\/p>\n<p>&ldquo;Os programas tamb&eacute;m estar&atilde;o acess&iacute;veis a qualquer outra emissora, como acontece hoje com a programa&ccedil;&atilde;o da Radiobr&aacute;s&rdquo;, afirma a jornalista<\/p>\n","protected":false},"excerpt":{"rendered":"<p>O foco das aten&ccedil;&otilde;es est&aacute; na TV Brasil, que tem estr&eacute;ia prevista para 02\/12, mas a Empresa Brasil de Comunica&ccedil;&atilde;o (EBC) j&aacute; se movimenta no campo do r&aacute;dio. Com a fus&atilde;o da Radiobr&aacute;s com a Acerp, a empresa ter&aacute; oito emissoras &agrave; sua disposi&ccedil;&atilde;o. A id&eacute;ia &eacute; que as r&aacute;dios formem um sistema. &ldquo;Desde o &hellip; <a href=\"https:\/\/obscom.intervozes.org.br\/?p=19866\" class=\"more-link\">Continue lendo <span class=\"screen-reader-text\">Empresa Brasil de Comunica\u00e7\u00e3o ter\u00e1 sistema de r\u00e1dio com oito emissoras<\/span> <span class=\"meta-nav\">&rarr;<\/span><\/a><\/p>\n","protected":false},"author":1,"featured_media":0,"comment_status":"open","ping_status":"open","sticky":false,"template":"","format":"standard","meta":{"footnotes":""},"categories":[40],"tags":[546],"_links":{"self":[{"href":"https:\/\/obscom.intervozes.org.br\/index.php?rest_route=\/wp\/v2\/posts\/19866"}],"collection":[{"href":"https:\/\/obscom.intervozes.org.br\/index.php?rest_route=\/wp\/v2\/posts"}],"about":[{"href":"https:\/\/obscom.intervozes.org.br\/index.php?rest_route=\/wp\/v2\/types\/post"}],"author":[{"embeddable":true,"href":"https:\/\/obscom.intervozes.org.br\/index.php?rest_route=\/wp\/v2\/users\/1"}],"replies":[{"embeddable":true,"href":"https:\/\/obscom.intervozes.org.br\/index.php?rest_route=%2Fwp%2Fv2%2Fcomments&post=19866"}],"version-history":[{"count":0,"href":"https:\/\/obscom.intervozes.org.br\/index.php?rest_route=\/wp\/v2\/posts\/19866\/revisions"}],"wp:attachment":[{"href":"https:\/\/obscom.intervozes.org.br\/index.php?rest_route=%2Fwp%2Fv2%2Fmedia&parent=19866"}],"wp:term":[{"taxonomy":"category","embeddable":true,"href":"https:\/\/obscom.intervozes.org.br\/index.php?rest_route=%2Fwp%2Fv2%2Fcategories&post=19866"},{"taxonomy":"post_tag","embeddable":true,"href":"https:\/\/obscom.intervozes.org.br\/index.php?rest_route=%2Fwp%2Fv2%2Ftags&post=19866"}],"curies":[{"name":"wp","href":"https:\/\/api.w.org\/{rel}","templated":true}]}}