{"id":19864,"date":"2007-11-23T17:10:05","date_gmt":"2007-11-23T17:10:05","guid":{"rendered":"https:\/\/obscom.intervozes.org.br\/wordpress\/?p=19864"},"modified":"2007-11-23T17:10:05","modified_gmt":"2007-11-23T17:10:05","slug":"conversor-importado-nao-reduz-preco-ao-consumidor-diz-industria","status":"publish","type":"post","link":"https:\/\/obscom.intervozes.org.br\/?p=19864","title":{"rendered":"Conversor importado n\u00e3o reduz pre\u00e7o ao consumidor, diz ind\u00fastria"},"content":{"rendered":"<p><em>Pa&iacute;s tem sistema tecnol&oacute;gico pr&oacute;prio para a TV digital e com especificidades que n&atilde;o existem em outros pa&iacute;ses. Lula amea&ccedil;ou estimular importa&ccedil;&atilde;o de aparelho para for&ccedil;ar redu&ccedil;&atilde;o de pre&ccedil;os; Comunica&ccedil;&otilde;es convocar&aacute; fabricantes para reuni&atilde;o<\/em> <\/p>\n<p>A amea&ccedil;a do presidente Luiz In&aacute;cio Lula da Silva de estimular a importa&ccedil;&atilde;o de conversores de TV digital, para for&ccedil;ar a redu&ccedil;&atilde;o dos pre&ccedil;os ao consumidor, &eacute; in&oacute;cua, na avalia&ccedil;&atilde;o da ind&uacute;stria. O Brasil escolheu um sistema tecnol&oacute;gico pr&oacute;prio, com especificidades que n&atilde;o existem em outros pa&iacute;ses.<\/p>\n<p>A partir do padr&atilde;o japon&ecirc;s de TV digital, selecionado pelo governo, o Brasil criou especifica&ccedil;&otilde;es t&eacute;cnicas exclusivas. Os equipamentos de outros pa&iacute;ses n&atilde;o funcionam no Brasil, a menos que sofram adapta&ccedil;&otilde;es.<\/p>\n<p>Enquanto o Jap&atilde;o usa o sistema de compress&atilde;o de sinais Mpeg-2, o Brasil adotou uma vers&atilde;o mais recente, o Mpeg-4, considerado mais apropriado para cidades com alta densidade de pr&eacute;dios. Outra diferen&ccedil;a est&aacute; na ado&ccedil;&atilde;o do software ginga, que permitir&aacute; a interatividade, desenvolvido por PUC-RJ e UFPB. Os conversores est&atilde;o chegando ao mercado entre R$ 499 (resolu&ccedil;&atilde;o standard) e R$ 1.099 (alta defini&ccedil;&atilde;o). O governo criou a expectativa de que ficariam na faixa de R$ 250.<\/p>\n<p>O secret&aacute;rio de Telecomunica&ccedil;&otilde;es do Minist&eacute;rio das Comunica&ccedil;&otilde;es, Roberto Martins, disse &agrave; Folha que convocar&aacute; os fabricantes, na pr&oacute;xima semana, para avaliar uma poss&iacute;vel redu&ccedil;&atilde;o de pre&ccedil;os antes da inaugura&ccedil;&atilde;o da TV digital, que ocorre no dia 2, em S&atilde;o Paulo.<br \/>Martins defende que, se for aprovado incentivo fiscal, deve ser direcionado para reduzir o custo da produ&ccedil;&atilde;o local, e n&atilde;o para baratear a importa&ccedil;&atilde;o.<\/p>\n<p>Os grandes fabricantes ouvidos pela Folha sustentam que os pre&ccedil;os cair&atilde;o rapidamente, &agrave; propor&ccedil;&atilde;o do aumento da demanda. Segundo as empresas, o governo ficou a par da faixa de pre&ccedil;o de lan&ccedil;amento h&aacute; cinco meses, quando a Eletros (entidade de classe do setor) apresentou &agrave;s autoridades uma planilha com o detalhamento dos custos, e que poderia ter reduzido impostos e n&atilde;o o fez.<\/p>\n<p>Segundo a Folha apurou no minist&eacute;rio, a planilha foi recebida com desconfian&ccedil;a. A d&uacute;vida &eacute; se ind&uacute;strias concorrentes teriam fornecido informa&ccedil;&otilde;es corretas &agrave; entidade de classe.<\/p>\n<p>A informa&ccedil;&atilde;o, publicada ontem pela Folha, de que o presidente orientou o ministro das Comunica&ccedil;&otilde;es, H&eacute;lio Costa, a tomar medidas para facilitar a importa&ccedil;&atilde;o, causou desconforto. &quot;&quot;&Eacute; uma amea&ccedil;a vazia. Importar custa mais caro do que produzir no Brasil&quot;, disse o diretor de Rela&ccedil;&otilde;es Externas da Philips, Manoel Corr&ecirc;a.<\/p>\n<p>O empres&aacute;rio Jakson Sosa, que produzir&aacute; os conversores em parceria com indianos e chineses, qualificou a amea&ccedil;a de &quot;&quot;sem fundamento&quot;. &quot;&quot;Por mais barato que os chineses possam produzir, o custo dos materiais n&atilde;o fica abaixo de US$ 85 no exterior, e s&oacute; os encargos da importa&ccedil;&atilde;o elevam o pre&ccedil;o em mais 70%&quot;&quot;, afirmou.<\/p>\n<p>Semp Toshiba e Philips, importaram conversores da China para garantir a oferta, mas dizem que reduziriam o pre&ccedil;o de R$ 1.099 para cerca de R$ 700 se fabricassem na Zona Franca de Manaus.<\/p>\n","protected":false},"excerpt":{"rendered":"<p>Pa&iacute;s tem sistema tecnol&oacute;gico pr&oacute;prio para a TV digital e com especificidades que n&atilde;o existem em outros pa&iacute;ses. Lula amea&ccedil;ou estimular importa&ccedil;&atilde;o de aparelho para for&ccedil;ar redu&ccedil;&atilde;o de pre&ccedil;os; Comunica&ccedil;&otilde;es convocar&aacute; fabricantes para reuni&atilde;o A amea&ccedil;a do presidente Luiz In&aacute;cio Lula da Silva de estimular a importa&ccedil;&atilde;o de conversores de TV digital, para for&ccedil;ar a &hellip; <a href=\"https:\/\/obscom.intervozes.org.br\/?p=19864\" class=\"more-link\">Continue lendo <span class=\"screen-reader-text\">Conversor importado n\u00e3o reduz pre\u00e7o ao consumidor, diz ind\u00fastria<\/span> <span class=\"meta-nav\">&rarr;<\/span><\/a><\/p>\n","protected":false},"author":1,"featured_media":0,"comment_status":"open","ping_status":"open","sticky":false,"template":"","format":"standard","meta":{"footnotes":""},"categories":[40],"tags":[79],"_links":{"self":[{"href":"https:\/\/obscom.intervozes.org.br\/index.php?rest_route=\/wp\/v2\/posts\/19864"}],"collection":[{"href":"https:\/\/obscom.intervozes.org.br\/index.php?rest_route=\/wp\/v2\/posts"}],"about":[{"href":"https:\/\/obscom.intervozes.org.br\/index.php?rest_route=\/wp\/v2\/types\/post"}],"author":[{"embeddable":true,"href":"https:\/\/obscom.intervozes.org.br\/index.php?rest_route=\/wp\/v2\/users\/1"}],"replies":[{"embeddable":true,"href":"https:\/\/obscom.intervozes.org.br\/index.php?rest_route=%2Fwp%2Fv2%2Fcomments&post=19864"}],"version-history":[{"count":0,"href":"https:\/\/obscom.intervozes.org.br\/index.php?rest_route=\/wp\/v2\/posts\/19864\/revisions"}],"wp:attachment":[{"href":"https:\/\/obscom.intervozes.org.br\/index.php?rest_route=%2Fwp%2Fv2%2Fmedia&parent=19864"}],"wp:term":[{"taxonomy":"category","embeddable":true,"href":"https:\/\/obscom.intervozes.org.br\/index.php?rest_route=%2Fwp%2Fv2%2Fcategories&post=19864"},{"taxonomy":"post_tag","embeddable":true,"href":"https:\/\/obscom.intervozes.org.br\/index.php?rest_route=%2Fwp%2Fv2%2Ftags&post=19864"}],"curies":[{"name":"wp","href":"https:\/\/api.w.org\/{rel}","templated":true}]}}