{"id":19862,"date":"2007-11-23T15:32:28","date_gmt":"2007-11-23T15:32:28","guid":{"rendered":"https:\/\/obscom.intervozes.org.br\/wordpress\/?p=19862"},"modified":"2007-11-23T15:32:28","modified_gmt":"2007-11-23T15:32:28","slug":"nova-rodada-de-negociacao-tenta-destravar-leilao-do-wimax","status":"publish","type":"post","link":"https:\/\/obscom.intervozes.org.br\/?p=19862","title":{"rendered":"Nova rodada de negocia\u00e7\u00e3o tenta &#8216;destravar&#8217; leil\u00e3o do WiMAX"},"content":{"rendered":"<p>Na pr&oacute;xima semana, governo, operadoras e Anatel v&atilde;o tentar, mais uma vez, encontrar uma solu&ccedil;&atilde;o para o leil&atilde;o das freq&uuml;&ecirc;ncias de 3,5GHz e 10,5GHz, suspenso desde setembro do ano passado. Uma reuni&atilde;o est&aacute; agendada para Bras&iacute;lia, sob a gest&atilde;o do Minist&eacute;rio das Comunica&ccedil;&otilde;es. Independente do embate jur&iacute;dico do atual edital, agora, h&aacute; tamb&eacute;m de se discutir como inserir a quest&atilde;o da mobilidade, em fun&ccedil;&atilde;o da evolu&ccedil;&atilde;o da tecnologia.<\/p>\n<p>&quot;Vamos na pr&oacute;xima semana para Bras&iacute;lia e iremos nos reunir com o secret&aacute;rio de Telecomunica&ccedil;&otilde;es do Minicom, Roberto Pinto Martins, para tentarmos encontrar uma posi&ccedil;&atilde;o de consenso&quot;, destacou ao Converg&ecirc;ncia Digital, o presidente da Abrafix e da Telebrasil, Jos&eacute; Pauletti, que participou nesta quarta-feira, 22\/11, do Forte 2007, evento organizado pela Febratel &#8211; Federa&ccedil;&atilde;o Brasileira de Telecomunica&ccedil;&otilde;es, no Rio de Janeiro.<\/p>\n<p>Segundo Pauletti, as concession&aacute;rias de telefonia fixa em nenhum momento solicitaram &agrave; justi&ccedil;a a suspens&atilde;o do leil&atilde;o. &quot;Solicitamos e conseguimos t&atilde;o somente o direito de participar nas &aacute;reas de concess&atilde;o. Quem parou o processo foi a Anatel e o TCU&quot;, salientou.<\/p>\n<p>Na reuni&atilde;o da pr&oacute;xima semana, a id&eacute;ia &eacute; que se possa chegar a um consenso para a realiza&ccedil;&atilde;o de um novo edital e a venda das licen&ccedil;as de 3,5GHz e 10,5GHz o mais pr&oacute;ximo poss&iacute;vel do leil&atilde;o de 3G. <\/p>\n<p>&quot;N&atilde;o prevejo que isso possa acontecer ainda este ano, mas acredito que possamos realizar o processo de venda no inicio de 2008. O Brasil seria o vencedor dessa empreitada. Novos investimentos ser&atilde;o feitos na infra-estrutura de telecom do pa&iacute;s&quot;, completou o executivo.<\/p>\n<p><strong>Mobilidade: O que fazer com ela no WiMAX?<\/p>\n<p><\/strong>Mais do que a quest&atilde;o do embate entre a Anatel, o Minicom e as concession&aacute;rias de telefonia fixa h&aacute;, agora, um novo agravante para o leil&atilde;o das freq&uuml;&ecirc;ncias de 3,5GHz e 10,5GHz: A pr&oacute;pria defini&ccedil;&atilde;o do uso do espectro nessas faixas. <\/p>\n<p>Isso porque com a evolu&ccedil;&atilde;o da tecnologia e a chegada do WiMAX M&oacute;vel, que permite mobilidade &agrave; tecnologia, h&aacute; o problema da determina&ccedil;&atilde;o de que o uso de 3,5GHz e 10,5GHz dever&aacute; acontecer t&atilde;o somente para a oferta de servi&ccedil;os fixos, e n&atilde;o, para m&oacute;veis &#8211; hoje &#8211; restritos ao Servi&ccedil;o M&oacute;vel Pessoal. <\/p>\n<p>Este item est&aacute; na pauta da Anatel e j&aacute; h&aacute; trabalhos em andamento, principalmente, depois que a UIT determinou que o WiMAX poderia ser servi&ccedil;o de Terceira Gera&ccedil;&atilde;o na faixa de 2,5GHz, que aqui no Brasil, &eacute; usada pelas concession&aacute;rias de MMDS (TV por Assinatura) e tamb&eacute;m com restri&ccedil;&otilde;es legais &agrave; oferta do servi&ccedil;o m&oacute;vel.&nbsp; Mas ainda falta consenso dentro da pr&oacute;pria Ag&ecirc;ncia com rela&ccedil;&atilde;o ao tema, o que significa, mais uma pend&ecirc;ncia, a ser resolvida para que a venda das faixas possa acontecer no Pa&iacute;s.<\/p>\n","protected":false},"excerpt":{"rendered":"<p>Na pr&oacute;xima semana, governo, operadoras e Anatel v&atilde;o tentar, mais uma vez, encontrar uma solu&ccedil;&atilde;o para o leil&atilde;o das freq&uuml;&ecirc;ncias de 3,5GHz e 10,5GHz, suspenso desde setembro do ano passado. Uma reuni&atilde;o est&aacute; agendada para Bras&iacute;lia, sob a gest&atilde;o do Minist&eacute;rio das Comunica&ccedil;&otilde;es. Independente do embate jur&iacute;dico do atual edital, agora, h&aacute; tamb&eacute;m de se &hellip; <a href=\"https:\/\/obscom.intervozes.org.br\/?p=19862\" class=\"more-link\">Continue lendo <span class=\"screen-reader-text\">Nova rodada de negocia\u00e7\u00e3o tenta &#8216;destravar&#8217; leil\u00e3o do WiMAX<\/span> <span class=\"meta-nav\">&rarr;<\/span><\/a><\/p>\n","protected":false},"author":1,"featured_media":0,"comment_status":"open","ping_status":"open","sticky":false,"template":"","format":"standard","meta":{"footnotes":""},"categories":[40],"tags":[551],"_links":{"self":[{"href":"https:\/\/obscom.intervozes.org.br\/index.php?rest_route=\/wp\/v2\/posts\/19862"}],"collection":[{"href":"https:\/\/obscom.intervozes.org.br\/index.php?rest_route=\/wp\/v2\/posts"}],"about":[{"href":"https:\/\/obscom.intervozes.org.br\/index.php?rest_route=\/wp\/v2\/types\/post"}],"author":[{"embeddable":true,"href":"https:\/\/obscom.intervozes.org.br\/index.php?rest_route=\/wp\/v2\/users\/1"}],"replies":[{"embeddable":true,"href":"https:\/\/obscom.intervozes.org.br\/index.php?rest_route=%2Fwp%2Fv2%2Fcomments&post=19862"}],"version-history":[{"count":0,"href":"https:\/\/obscom.intervozes.org.br\/index.php?rest_route=\/wp\/v2\/posts\/19862\/revisions"}],"wp:attachment":[{"href":"https:\/\/obscom.intervozes.org.br\/index.php?rest_route=%2Fwp%2Fv2%2Fmedia&parent=19862"}],"wp:term":[{"taxonomy":"category","embeddable":true,"href":"https:\/\/obscom.intervozes.org.br\/index.php?rest_route=%2Fwp%2Fv2%2Fcategories&post=19862"},{"taxonomy":"post_tag","embeddable":true,"href":"https:\/\/obscom.intervozes.org.br\/index.php?rest_route=%2Fwp%2Fv2%2Ftags&post=19862"}],"curies":[{"name":"wp","href":"https:\/\/api.w.org\/{rel}","templated":true}]}}