{"id":19859,"date":"2007-11-23T12:21:52","date_gmt":"2007-11-23T12:21:52","guid":{"rendered":"https:\/\/obscom.intervozes.org.br\/wordpress\/?p=19859"},"modified":"2007-11-23T12:21:52","modified_gmt":"2007-11-23T12:21:52","slug":"radio-publica-ainda-e-uma-abstracao-no-brasil-analisa-pesquisador","status":"publish","type":"post","link":"https:\/\/obscom.intervozes.org.br\/?p=19859","title":{"rendered":"R\u00e1dio p\u00fablica ainda \u00e9 uma abstra\u00e7\u00e3o no Brasil, analisa pesquisador"},"content":{"rendered":"<p><span>Rio de Janeiro &#8211; A r&aacute;dio p&uacute;blica brasileira ainda &eacute; uma abstra&ccedil;&atilde;o, segundo o coordenador do N&uacute;cleo de Pesquisa de R&aacute;dio e M&iacute;dia Sonora da Sociedade Brasileira de Estudos Interdisciplinares de Comunica&ccedil;&atilde;o (Intercom), Luiz Ferrareto.&nbsp; <\/span><span>Para o pesquisador, a r&aacute;dio p&uacute;blica ainda n&atilde;o existe de maneira concreta. &ldquo;&Eacute; uma coisa que vai se alcan&ccedil;ar no futuro&rdquo;, estimou Ferrareto que participou hoje (22) do 1&ordm;&nbsp; F&oacute;rum Nacional de R&aacute;dios P&uacute;blicas, no Rio de Janeiro.<\/p>\n<p><\/span><span>A opini&atilde;o &eacute; compartilhada pela professora Sonia Virg&iacute;nia Moreira, tamb&eacute;m da Intercom.&nbsp; &ldquo;N&atilde;o podemos dizer que hoje n&oacute;s temos emissoras p&uacute;blicas no Brasil. Temos emissoras estatais, governamentais, como &eacute; o caso da Radiobr&aacute;s, da R&aacute;dio MEC AM e FM, da TV Educativa&rdquo;, afirmou Sonia Moreira. <\/p>\n<p><\/span><span>A pesquisadora da Intercom disse que uma r&aacute;dio p&uacute;blica tem caracter&iacute;sticas que &ldquo;n&atilde;o existem em nenhuma emissora brasileira&rdquo;. <\/span><span>Entre elas, citou a total desvincula&ccedil;&atilde;o do governo; a valoriza&ccedil;&atilde;o de uma identidade nacional; o espa&ccedil;o aberto para grupos distintos da sociedade, comunidades e minorias;&nbsp; a supremacia da qualidade em rela&ccedil;&atilde;o &agrave; quantidade, expressa em termos de audi&ecirc;ncia; os subs&iacute;dios; e a universalidade geogr&aacute;fica.<\/p>\n<p><\/span><span>Sonia Virginia Moreira salientou que, em todo o mundo, as r&aacute;dios p&uacute;blicas n&atilde;o est&atilde;o baseadas em leis, mas em regras espec&iacute;ficas para o setor. <\/span><span>De acordo com a pesquisadora, para que a r&aacute;dio p&uacute;blica possa ser implantada de forma efetiva no Brasil, &eacute; preciso elaborar pesquisas explorat&oacute;rias e mapear o que existe no pa&iacute;s em termos de emissoras de origem n&atilde;o-comercial. Outro passo importante &eacute; a realiza&ccedil;&atilde;o de estudos de conte&uacute;do. <\/p>\n<p><\/span><span>A r&aacute;dio p&uacute;blica tamb&eacute;m deve priorizar conte&uacute;dos locais j&aacute; que a preocupa&ccedil;&atilde;o principal &eacute; contemplar o cidad&atilde;o, com isen&ccedil;&atilde;o, diversidade e equil&iacute;brio, defendeu a pesquisadora.<\/p>\n<p><\/span><span>Para Ferrareto, coordenador do N&uacute;cleo de Pesquisa de R&aacute;dio e M&iacute;dia Sonora da Intercom, a r&aacute;dio p&uacute;blica precisa de uma participa&ccedil;&atilde;o ativa da popula&ccedil;&atilde;o. <\/span><span>&ldquo;R&aacute;dio p&uacute;blica toca m&uacute;sica cl&aacute;ssica e Rolando Boldrin&rdquo;, afirmou, referindo-se ao artista que costuma apresentar m&uacute;sicas folcl&oacute;ricas de todo o pa&iacute;s em seus programas de televis&atilde;o e r&aacute;dio, valorizando desde a m&uacute;sica sertaneja ao samba. <\/p>\n<p><\/span><span>Segundo Luiz Ferrareto, &eacute; preciso que a realidade das pessoas seja discutida. &ldquo;Porque r&aacute;dio p&uacute;blica pode ser tudo. Menos elitista&rdquo;, salientou. <\/span><span>Na avalia&ccedil;&atilde;o do especialista, a r&aacute;dio p&uacute;blica deve incluir todos os segmentos, classes, etnias, op&ccedil;&otilde;es sexuais e tipos de p&uacute;blico. <\/span>&nbsp;<\/p>\n","protected":false},"excerpt":{"rendered":"<p>Rio de Janeiro &#8211; A r&aacute;dio p&uacute;blica brasileira ainda &eacute; uma abstra&ccedil;&atilde;o, segundo o coordenador do N&uacute;cleo de Pesquisa de R&aacute;dio e M&iacute;dia Sonora da Sociedade Brasileira de Estudos Interdisciplinares de Comunica&ccedil;&atilde;o (Intercom), Luiz Ferrareto.&nbsp; Para o pesquisador, a r&aacute;dio p&uacute;blica ainda n&atilde;o existe de maneira concreta. &ldquo;&Eacute; uma coisa que vai se alcan&ccedil;ar no &hellip; <a href=\"https:\/\/obscom.intervozes.org.br\/?p=19859\" class=\"more-link\">Continue lendo <span class=\"screen-reader-text\">R\u00e1dio p\u00fablica ainda \u00e9 uma abstra\u00e7\u00e3o no Brasil, analisa pesquisador<\/span> <span class=\"meta-nav\">&rarr;<\/span><\/a><\/p>\n","protected":false},"author":1,"featured_media":0,"comment_status":"open","ping_status":"open","sticky":false,"template":"","format":"standard","meta":{"footnotes":""},"categories":[40],"tags":[546],"_links":{"self":[{"href":"https:\/\/obscom.intervozes.org.br\/index.php?rest_route=\/wp\/v2\/posts\/19859"}],"collection":[{"href":"https:\/\/obscom.intervozes.org.br\/index.php?rest_route=\/wp\/v2\/posts"}],"about":[{"href":"https:\/\/obscom.intervozes.org.br\/index.php?rest_route=\/wp\/v2\/types\/post"}],"author":[{"embeddable":true,"href":"https:\/\/obscom.intervozes.org.br\/index.php?rest_route=\/wp\/v2\/users\/1"}],"replies":[{"embeddable":true,"href":"https:\/\/obscom.intervozes.org.br\/index.php?rest_route=%2Fwp%2Fv2%2Fcomments&post=19859"}],"version-history":[{"count":0,"href":"https:\/\/obscom.intervozes.org.br\/index.php?rest_route=\/wp\/v2\/posts\/19859\/revisions"}],"wp:attachment":[{"href":"https:\/\/obscom.intervozes.org.br\/index.php?rest_route=%2Fwp%2Fv2%2Fmedia&parent=19859"}],"wp:term":[{"taxonomy":"category","embeddable":true,"href":"https:\/\/obscom.intervozes.org.br\/index.php?rest_route=%2Fwp%2Fv2%2Fcategories&post=19859"},{"taxonomy":"post_tag","embeddable":true,"href":"https:\/\/obscom.intervozes.org.br\/index.php?rest_route=%2Fwp%2Fv2%2Ftags&post=19859"}],"curies":[{"name":"wp","href":"https:\/\/api.w.org\/{rel}","templated":true}]}}