{"id":19852,"date":"2007-11-23T10:55:39","date_gmt":"2007-11-23T10:55:39","guid":{"rendered":"https:\/\/obscom.intervozes.org.br\/wordpress\/?p=19852"},"modified":"2007-11-23T10:55:39","modified_gmt":"2007-11-23T10:55:39","slug":"festa-em-sao-paulo-vai-marcar-inicio-das-transmissoes-da-tv-digital-no-brasil","status":"publish","type":"post","link":"https:\/\/obscom.intervozes.org.br\/?p=19852","title":{"rendered":"&#8216;Festa&#8217; em S\u00e3o Paulo vai marcar in\u00edcio das transmiss\u00f5es da TV digital no Brasil"},"content":{"rendered":"<p>Segundo o portal especializado Tela Viva,&nbsp;devem ser&nbsp;distribu&iacute;dos 600 convites para a festa de lan&ccedil;amento da TV digital em S&atilde;o Paulo, no dia 2 de dezembro. O evento, que est&aacute; sendo preparado pelos radiodifusores, deve acontecer na Sala S&atilde;o Paulo. A id&eacute;ia, por enquanto, &eacute; que o in&iacute;cio das transmiss&otilde;es seja &agrave;s 20h00, com um pronunciamento do presidente Lula transmitido por todas as emissoras digitais da cidade. O pronunciamento, caso aconte&ccedil;a, deve ser transmitido analogicamente em cadeia nacional, j&aacute; que absolutamente ningu&eacute;m estar&aacute; preparado para receber os sinais digitais.<\/p>\n","protected":false},"excerpt":{"rendered":"<p>Segundo o portal especializado Tela Viva,&nbsp;devem ser&nbsp;distribu&iacute;dos 600 convites para a festa de lan&ccedil;amento da TV digital em S&atilde;o Paulo, no dia 2 de dezembro. O evento, que est&aacute; sendo preparado pelos radiodifusores, deve acontecer na Sala S&atilde;o Paulo. A id&eacute;ia, por enquanto, &eacute; que o in&iacute;cio das transmiss&otilde;es seja &agrave;s 20h00, com um pronunciamento &hellip; <a href=\"https:\/\/obscom.intervozes.org.br\/?p=19852\" class=\"more-link\">Continue lendo <span class=\"screen-reader-text\">&#8216;Festa&#8217; em S\u00e3o Paulo vai marcar in\u00edcio das transmiss\u00f5es da TV digital no Brasil<\/span> <span class=\"meta-nav\">&rarr;<\/span><\/a><\/p>\n","protected":false},"author":1,"featured_media":0,"comment_status":"open","ping_status":"open","sticky":false,"template":"","format":"standard","meta":{"footnotes":""},"categories":[39],"tags":[],"_links":{"self":[{"href":"https:\/\/obscom.intervozes.org.br\/index.php?rest_route=\/wp\/v2\/posts\/19852"}],"collection":[{"href":"https:\/\/obscom.intervozes.org.br\/index.php?rest_route=\/wp\/v2\/posts"}],"about":[{"href":"https:\/\/obscom.intervozes.org.br\/index.php?rest_route=\/wp\/v2\/types\/post"}],"author":[{"embeddable":true,"href":"https:\/\/obscom.intervozes.org.br\/index.php?rest_route=\/wp\/v2\/users\/1"}],"replies":[{"embeddable":true,"href":"https:\/\/obscom.intervozes.org.br\/index.php?rest_route=%2Fwp%2Fv2%2Fcomments&post=19852"}],"version-history":[{"count":0,"href":"https:\/\/obscom.intervozes.org.br\/index.php?rest_route=\/wp\/v2\/posts\/19852\/revisions"}],"wp:attachment":[{"href":"https:\/\/obscom.intervozes.org.br\/index.php?rest_route=%2Fwp%2Fv2%2Fmedia&parent=19852"}],"wp:term":[{"taxonomy":"category","embeddable":true,"href":"https:\/\/obscom.intervozes.org.br\/index.php?rest_route=%2Fwp%2Fv2%2Fcategories&post=19852"},{"taxonomy":"post_tag","embeddable":true,"href":"https:\/\/obscom.intervozes.org.br\/index.php?rest_route=%2Fwp%2Fv2%2Ftags&post=19852"}],"curies":[{"name":"wp","href":"https:\/\/api.w.org\/{rel}","templated":true}]}}